{"id":32590,"date":"2015-10-14T00:17:05","date_gmt":"2015-10-13T22:17:05","guid":{"rendered":"http:\/\/www.santacroceweb.com\/giornale1\/?p=32590"},"modified":"2015-10-14T00:17:05","modified_gmt":"2015-10-13T22:17:05","slug":"vittoria-ragazzina-di-15-anni-si-toglie-la-vita-nel-giorno-del-suo-compleanno-era-figlia-di-un-consigliere-comunale","status":"publish","type":"post","link":"https:\/\/www.santacroceweb.com\/index.php\/2015\/10\/14\/vittoria-ragazzina-di-15-anni-si-toglie-la-vita-nel-giorno-del-suo-compleanno-era-figlia-di-un-consigliere-comunale\/","title":{"rendered":"<font color=red>Vittoria &#8211;<\/font> Ragazzina di 15 anni si toglie la vita nel giorno del suo compleanno. Era figlia di un consigliere comunale"},"content":{"rendered":"<p style=\"text-align: justify;\">Una ragazzina\u00a0di 15 anni si \u00e8 tolta la vita marted\u00ec pomeriggio, proprio nel giorno del suo compleanno, a Vittoria. Il padre della vittima \u00e8\u00a0un consigliere comunale del PD. La ragazza, stando alle prime ricostruzioni, \u00e8 stata ritrovata senza vita dai Carabinieri, che, una volta intervenuti sul posto, ne hanno constatato il decesso. Inutili i tentativi di rianimarla. La 15enne, che viene descritta dalle amiche come una persona solare, si \u00e8 legata un cappio al collo.<\/p>\n","protected":false},"excerpt":{"rendered":"<p>Una ragazzina\u00a0di 15 anni si \u00e8 tolta la vita marted\u00ec pomeriggio, proprio nel giorno del suo compleanno, a Vittoria. Il padre della vittima \u00e8\u00a0un consigliere comunale del PD. La ragazza, stando alle prime ricostruzioni, \u00e8 stata ritrovata senza vita dai Carabinieri, che, una volta intervenuti sul posto, ne hanno constatato il decesso. Inutili i tentativi [&hellip;]<\/p>\n","protected":false},"author":34,"featured_media":0,"comment_status":"open","ping_status":"open","sticky":false,"template":"","format":"standard","meta":{"footnotes":""},"categories":[12],"tags":[],"class_list":["post-32590","post","type-post","status-publish","format-standard","hentry","category-breaking"],"_links":{"self":[{"href":"https:\/\/www.santacroceweb.com\/index.php\/wp-json\/wp\/v2\/posts\/32590","targetHints":{"allow":["GET"]}}],"collection":[{"href":"https:\/\/www.santacroceweb.com\/index.php\/wp-json\/wp\/v2\/posts"}],"about":[{"href":"https:\/\/www.santacroceweb.com\/index.php\/wp-json\/wp\/v2\/types\/post"}],"author":[{"embeddable":true,"href":"https:\/\/www.santacroceweb.com\/index.php\/wp-json\/wp\/v2\/users\/34"}],"replies":[{"embeddable":true,"href":"https:\/\/www.santacroceweb.com\/index.php\/wp-json\/wp\/v2\/comments?post=32590"}],"version-history":[{"count":0,"href":"https:\/\/www.santacroceweb.com\/index.php\/wp-json\/wp\/v2\/posts\/32590\/revisions"}],"wp:attachment":[{"href":"https:\/\/www.santacroceweb.com\/index.php\/wp-json\/wp\/v2\/media?parent=32590"}],"wp:term":[{"taxonomy":"category","embeddable":true,"href":"https:\/\/www.santacroceweb.com\/index.php\/wp-json\/wp\/v2\/categories?post=32590"},{"taxonomy":"post_tag","embeddable":true,"href":"https:\/\/www.santacroceweb.com\/index.php\/wp-json\/wp\/v2\/tags?post=32590"}],"curies":[{"name":"wp","href":"https:\/\/api.w.org\/{rel}","templated":true}]}}