{"id":33032,"date":"2015-10-30T08:26:31","date_gmt":"2015-10-30T07:26:31","guid":{"rendered":"http:\/\/www.santacroceweb.com\/giornale1\/?p=33032"},"modified":"2015-10-30T08:26:31","modified_gmt":"2015-10-30T07:26:31","slug":"sinistra-o-destra-a-s-croce-sara-tutta-una-minestra","status":"publish","type":"post","link":"https:\/\/www.santacroceweb.com\/index.php\/2015\/10\/30\/sinistra-o-destra-a-s-croce-sara-tutta-una-minestra\/","title":{"rendered":"Sinistra o destra: a S.Croce sar\u00e0 tutta una minestra?"},"content":{"rendered":"<p style=\"text-align: justify;\">A prescindere da ci\u00f2 che potr\u00e0 succedere d&#8217;ora in poi a seguito delle dimissioni di Maria Zisa da presidente del Consiglio (ci aspettiamo qualche altro colpo di scena) &#8211; siamo nella fase del toto-nomi e dei pronostici circa il coinvolgimento o meno della minoranza nella scelta del nuovo presidente \u2013 questo passaggio istituzionale avrebbe un\u2019importanza che nessuno sino ad ora ha colto, men che meno dalle parti della maggioranza. La scelta della persona a cui affidare questa carica, infatti, dovrebbe essere legato ad un progetto sul funzionamento dell\u2019istituzione consiliare. Ma certo non \u00e8 questa la preoccupazione di chi amministra, che ha invece tutto l\u2019interesse ad avere un Consiglio comunale ai margini dei veri processi decisionali, come tradizionalmente \u00e8 avvenuto in questa legislatura. E di fatto, anzich\u00e9 indirizzare e controllare, il Consiglio si \u00e8 limitato a ratificare l\u2019operato del sindaco e della giunta (ovvero dell\u2019organo esecutivo). Ed \u00e8 venuto meno alle prerogative della maggioranza e della minoranza che (come ben detto da Mariula Zisa in una intervista a Santa Croce Web) doveva essere quello di garantire e migliorare la qualit\u00e0 dei servizi alla nostra comunit\u00e0 e sviluppare un confronto per far maturare le scelte migliori per la citt\u00e0. Un Consiglio continuamente indebolito nello svolgimento della sua funzione primaria non \u00e8 un buon servizio alla comunit\u00e0. Questo \u00e8 il vero \u201ccosto della politica\u201d.<\/p>\n<p style=\"text-align: justify;\">Presidenza e vicepresidenza in questa legislatura sono stati \u201caffaire\u201d della maggioranza, frutto di un accordo tra il PD (partito del sindaco) e il &#8220;Gruppo Agricoltori&#8221; (leader l&#8217;assessore All\u00f9). Ora mancano pochissimi mesi alla fine della legislatura e le condizioni di partenza sono cambiate. Adesso c&#8217;\u00e8 una una maggioranza risicata e tanti dissidi interni per cui le posizioni su talune problematiche sono sempre pi\u00f9 distanti e le divergenze sempre pi\u00f9 consistenti. Perch\u00e9 la minoranza consiliare adesso dovrebbe essere interessata ad andare in soccorso di una maggioranza in difficolt\u00e0? L\u2019unica ragionevole risposta della minoranza a questa situazione, a questa tardiva e strumentale offerta, sarebbe quella di non partecipare al voto. Ribadendo nei fatti che la questione, come impostata da tempo in questa legislatura, \u00e8 per intero affare della maggioranza. Dispiace, ma non c\u2019\u00e8 alternativa. Sappiamo invece tutti che questa volta non andr\u00e0 cos\u00ec. Il nuovo presidente del Consiglio (Lucia Cuciti sarebbe gradita al sindaco e anche ad una buona parte dell&#8217;opposizione) questa volta verr\u00e0 indicato dal partito del sindaco (PD) e sar\u00e0 eletto anche con i voti della minoranza. A questo punto anche il &#8220;Gruppo Agricoltori&#8221; sar\u00e0 &#8220;costretto&#8221; suo malgrado a votarlo, altrimenti rimarr\u00e0 fuori da tutti i giochi politici in questo ultimo scorcio di legislatura.<\/p>\n<p style=\"text-align: justify;\">Insomma, chi accetta di ricoprire il ruolo di presidente del Consiglio dovrebbe avere d&#8217;ora in poi una chiara idea dei deficit di funzionamento del Consiglio stesso e dunque dovrebbe avere un programma di lavoro per ridare ad esso maggiore centralit\u00e0 nei processi decisionali dell\u2019ente locale. Esiste una diagnosi condivisa, innanzitutto nella amministrazione, circa il funzionamento del Consiglio comunale? E\u2019 credibile che un tale programma possa essere messo in campo a pochi mesi dalla fine della legislatura? Il sindaco Franca Iurato adesso dovr\u00e0 riconoscere l\u2019errore della sua Amministrazione e della sua maggioranza e recuperare il rapporto con il Consiglio comunale. Definire lei i tempi, partecipando alle riunione con i capigruppo, parlando e dialogando anche con &#8220;le forze sociali&#8221; della citt\u00e0, accogliendo se \u00e8 necessario anche le proposte della minoranza e schierando la sua giunta a rispondere alle legittime domande dei consiglieri. Questo \u00e8 un appello (se vogliamo di buon senso) da rendere principalmente alla citt\u00e0 di Santa Croce, per superare una situazione di non ritorno; le regole della democrazia, a volte faticose ma necessarie, sono delicate ed esigono rispetto reciproco.<\/p>\n","protected":false},"excerpt":{"rendered":"<p>A prescindere da ci\u00f2 che potr\u00e0 succedere d&#8217;ora in poi a seguito delle dimissioni di Maria Zisa da presidente del Consiglio (ci aspettiamo qualche altro colpo di scena) &#8211; siamo nella fase del toto-nomi e dei pronostici circa il coinvolgimento o meno della minoranza nella scelta del nuovo presidente \u2013 questo passaggio istituzionale avrebbe un\u2019importanza [&hellip;]<\/p>\n","protected":false},"author":2,"featured_media":33033,"comment_status":"open","ping_status":"open","sticky":false,"template":"","format":"standard","meta":{"footnotes":""},"categories":[5],"tags":[],"class_list":["post-33032","post","type-post","status-publish","format-standard","has-post-thumbnail","hentry","category-editoriale"],"_links":{"self":[{"href":"https:\/\/www.santacroceweb.com\/index.php\/wp-json\/wp\/v2\/posts\/33032","targetHints":{"allow":["GET"]}}],"collection":[{"href":"https:\/\/www.santacroceweb.com\/index.php\/wp-json\/wp\/v2\/posts"}],"about":[{"href":"https:\/\/www.santacroceweb.com\/index.php\/wp-json\/wp\/v2\/types\/post"}],"author":[{"embeddable":true,"href":"https:\/\/www.santacroceweb.com\/index.php\/wp-json\/wp\/v2\/users\/2"}],"replies":[{"embeddable":true,"href":"https:\/\/www.santacroceweb.com\/index.php\/wp-json\/wp\/v2\/comments?post=33032"}],"version-history":[{"count":0,"href":"https:\/\/www.santacroceweb.com\/index.php\/wp-json\/wp\/v2\/posts\/33032\/revisions"}],"wp:featuredmedia":[{"embeddable":true,"href":"https:\/\/www.santacroceweb.com\/index.php\/wp-json\/wp\/v2\/media\/33033"}],"wp:attachment":[{"href":"https:\/\/www.santacroceweb.com\/index.php\/wp-json\/wp\/v2\/media?parent=33032"}],"wp:term":[{"taxonomy":"category","embeddable":true,"href":"https:\/\/www.santacroceweb.com\/index.php\/wp-json\/wp\/v2\/categories?post=33032"},{"taxonomy":"post_tag","embeddable":true,"href":"https:\/\/www.santacroceweb.com\/index.php\/wp-json\/wp\/v2\/tags?post=33032"}],"curies":[{"name":"wp","href":"https:\/\/api.w.org\/{rel}","templated":true}]}}