{"id":33082,"date":"2015-10-30T08:26:03","date_gmt":"2015-10-30T07:26:03","guid":{"rendered":"http:\/\/www.santacroceweb.com\/giornale1\/?p=33082"},"modified":"2015-10-30T08:31:48","modified_gmt":"2015-10-30T07:31:48","slug":"cimitero-via-solo-i-manufatti-abusivi-passo-indietro-sul-provvedimento","status":"publish","type":"post","link":"https:\/\/www.santacroceweb.com\/index.php\/2015\/10\/30\/cimitero-via-solo-i-manufatti-abusivi-passo-indietro-sul-provvedimento\/","title":{"rendered":"Cimitero, via solo i manufatti abusivi: passo indietro sul provvedimento"},"content":{"rendered":"<p style=\"text-align: justify;\">Il comune di Santa Croce fa un passo indietro in merito al provvedimento dirigenziale n\u00b0 962\/2015, che invita alla rimozione di\u00a0gradini, marciapiedi, fioriere fisse e mobili lungo i viali del cimitero comunale. Dopo l&#8217;appello di Santa Croce Web, con tutte le discussioni e polemiche che si erano create in citt\u00e0, il Dirigente del 3\u00b0 Dipartimento Arch. Maria Angela Mormina, infatti, ha apportato delle modifiche nel provvedimento. Di fatto, potranno essere mantenuti gradini, fioriere ecc. realizzate all&#8217;interno dell&#8217;area concessa; l&#8217;applicazione dei contenuti del provvedimento riguarda esclusivamente manufatti abusivi su suolo pubblico, dei quali ciascun concessionario ha consapevolezza poich\u00e9 realizzati fuori dal perimetro dell&#8217;area avuta in concessione e in assenza di alcuna autorizzazione. Per questi, infatti, resta inteso che l&#8217;eventuale rimozione dei manufatti sar\u00e0 subordinata ad una specifica valutazione. Insomma se questa non \u00e8 una marcia indietro poco ci manca. Restano tuttavia ancora molti dubbi sul perch\u00e9 questo provvedimento \u00e8 uscito solo adesso, creando allarmismo e incredulit\u00e0 e\u00a0facendo\u00a0storcere il naso ancora una volta a tantissimi cittadini .<\/p>\n<p style=\"text-align: center;\"><span style=\"text-decoration: underline; color: #ff0000;\"><strong><a style=\"color: #ff0000; text-decoration: underline;\" href=\"https:\/\/www.santacroceweb.com\/giornale1\/wp-content\/uploads\/2015\/10\/Provvedimento-cimitero_bmp.pdf\">Modifica Provvedimento cimitero<\/a><\/strong><\/span><\/p>\n","protected":false},"excerpt":{"rendered":"<p>Il comune di Santa Croce fa un passo indietro in merito al provvedimento dirigenziale n\u00b0 962\/2015, che invita alla rimozione di\u00a0gradini, marciapiedi, fioriere fisse e mobili lungo i viali del cimitero comunale. Dopo l&#8217;appello di Santa Croce Web, con tutte le discussioni e polemiche che si erano create in citt\u00e0, il Dirigente del 3\u00b0 Dipartimento [&hellip;]<\/p>\n","protected":false},"author":34,"featured_media":32375,"comment_status":"open","ping_status":"open","sticky":false,"template":"","format":"standard","meta":{"footnotes":""},"categories":[8],"tags":[],"class_list":["post-33082","post","type-post","status-publish","format-standard","has-post-thumbnail","hentry","category-attualita"],"_links":{"self":[{"href":"https:\/\/www.santacroceweb.com\/index.php\/wp-json\/wp\/v2\/posts\/33082","targetHints":{"allow":["GET"]}}],"collection":[{"href":"https:\/\/www.santacroceweb.com\/index.php\/wp-json\/wp\/v2\/posts"}],"about":[{"href":"https:\/\/www.santacroceweb.com\/index.php\/wp-json\/wp\/v2\/types\/post"}],"author":[{"embeddable":true,"href":"https:\/\/www.santacroceweb.com\/index.php\/wp-json\/wp\/v2\/users\/34"}],"replies":[{"embeddable":true,"href":"https:\/\/www.santacroceweb.com\/index.php\/wp-json\/wp\/v2\/comments?post=33082"}],"version-history":[{"count":0,"href":"https:\/\/www.santacroceweb.com\/index.php\/wp-json\/wp\/v2\/posts\/33082\/revisions"}],"wp:featuredmedia":[{"embeddable":true,"href":"https:\/\/www.santacroceweb.com\/index.php\/wp-json\/wp\/v2\/media\/32375"}],"wp:attachment":[{"href":"https:\/\/www.santacroceweb.com\/index.php\/wp-json\/wp\/v2\/media?parent=33082"}],"wp:term":[{"taxonomy":"category","embeddable":true,"href":"https:\/\/www.santacroceweb.com\/index.php\/wp-json\/wp\/v2\/categories?post=33082"},{"taxonomy":"post_tag","embeddable":true,"href":"https:\/\/www.santacroceweb.com\/index.php\/wp-json\/wp\/v2\/tags?post=33082"}],"curies":[{"name":"wp","href":"https:\/\/api.w.org\/{rel}","templated":true}]}}