{"id":33106,"date":"2015-10-31T10:13:31","date_gmt":"2015-10-31T09:13:31","guid":{"rendered":"http:\/\/www.santacroceweb.com\/giornale1\/?p=33106"},"modified":"2015-10-31T10:13:31","modified_gmt":"2015-10-31T09:13:31","slug":"calcio-a-5-il-kamarina-ospita-lassoporto-melilli-dubbio-alessandra","status":"publish","type":"post","link":"https:\/\/www.santacroceweb.com\/index.php\/2015\/10\/31\/calcio-a-5-il-kamarina-ospita-lassoporto-melilli-dubbio-alessandra\/","title":{"rendered":"Calcio a 5, il Kamarina ospita l&#8217;Assoporto Melilli: dubbio Alessandr\u00e0"},"content":{"rendered":"<p style=\"text-align: justify;\">La quinta giornata del campionato regionale di serie C1, propone al CS Kamarina di mister Concetto Salone l\u2019interessante sfida contro l\u2019Assoporto Melilli. Sar\u00e0 una gara impegnativa e dai risvolti interessanti fra due squadre affamate di punti che in quest\u2019inizio di stagione si sono fatte notare, mostrando un gioco spumeggiante e spettacolare. I biancazzurri di casa, comunque, saranno nuovamente in emergenza, viste le assenze certe di Incorvaia, Sammito e con il bomber Alessandr\u00e0 in forte dubbio per una botta procuratasi sabato scorso a Palermo. Salone, quindi, dovr\u00e0 fare di necessit\u00e0 virt\u00f9 e punter\u00e0 tutte le sue carte sulla straordinaria verve di Federico Campo che in queste prime giornate di campionato si sta rivelando un preciso \u201ccecchino\u201d. \u201cIncontriamo, forse, la squadra pi\u00f9 in forma di quest\u2019inizio torneo. \u2013 dice Concetto Salone \u2013 Una squadra con un organico importante, guidata da un tecnico che personalmente stimo tanto. Da parte nostra, invece, affronteremo la contesa facendo fronte a un\u2019emergenza che ci costringer\u00e0 a tenere fuori degli elementi di primo piano, quali Sammito e Incorvaia. Spero di poter recuperare Alessandr\u00e0, ma, se non fosse cos\u00ec, il roster che scender\u00e0 in campo battaglier\u00e0 come non mai. Dai ragazzi pretender\u00f2 la massima intensit\u00e0 e se giocheremo come sette giorni fa, avremo buone chance di fare bene\u201d. La gara si giocher\u00e0 al Pala Santa Rosalia con inizio alle ore 17.00 a dirigere sar\u00e0 la coppia formata dai signori Portoghese di Catania e Pancrazi di Ragusa.<\/p>\n","protected":false},"excerpt":{"rendered":"<p>La quinta giornata del campionato regionale di serie C1, propone al CS Kamarina di mister Concetto Salone l\u2019interessante sfida contro l\u2019Assoporto Melilli. Sar\u00e0 una gara impegnativa e dai risvolti interessanti fra due squadre affamate di punti che in quest\u2019inizio di stagione si sono fatte notare, mostrando un gioco spumeggiante e spettacolare. I biancazzurri di casa, [&hellip;]<\/p>\n","protected":false},"author":34,"featured_media":32289,"comment_status":"open","ping_status":"open","sticky":false,"template":"","format":"standard","meta":{"footnotes":""},"categories":[3],"tags":[],"class_list":["post-33106","post","type-post","status-publish","format-standard","has-post-thumbnail","hentry","category-sport"],"_links":{"self":[{"href":"https:\/\/www.santacroceweb.com\/index.php\/wp-json\/wp\/v2\/posts\/33106","targetHints":{"allow":["GET"]}}],"collection":[{"href":"https:\/\/www.santacroceweb.com\/index.php\/wp-json\/wp\/v2\/posts"}],"about":[{"href":"https:\/\/www.santacroceweb.com\/index.php\/wp-json\/wp\/v2\/types\/post"}],"author":[{"embeddable":true,"href":"https:\/\/www.santacroceweb.com\/index.php\/wp-json\/wp\/v2\/users\/34"}],"replies":[{"embeddable":true,"href":"https:\/\/www.santacroceweb.com\/index.php\/wp-json\/wp\/v2\/comments?post=33106"}],"version-history":[{"count":0,"href":"https:\/\/www.santacroceweb.com\/index.php\/wp-json\/wp\/v2\/posts\/33106\/revisions"}],"wp:featuredmedia":[{"embeddable":true,"href":"https:\/\/www.santacroceweb.com\/index.php\/wp-json\/wp\/v2\/media\/32289"}],"wp:attachment":[{"href":"https:\/\/www.santacroceweb.com\/index.php\/wp-json\/wp\/v2\/media?parent=33106"}],"wp:term":[{"taxonomy":"category","embeddable":true,"href":"https:\/\/www.santacroceweb.com\/index.php\/wp-json\/wp\/v2\/categories?post=33106"},{"taxonomy":"post_tag","embeddable":true,"href":"https:\/\/www.santacroceweb.com\/index.php\/wp-json\/wp\/v2\/tags?post=33106"}],"curies":[{"name":"wp","href":"https:\/\/api.w.org\/{rel}","templated":true}]}}