{"id":33575,"date":"2015-11-14T10:35:40","date_gmt":"2015-11-14T09:35:40","guid":{"rendered":"http:\/\/www.santacroceweb.com\/giornale1\/?p=33575"},"modified":"2015-11-14T10:35:40","modified_gmt":"2015-11-14T09:35:40","slug":"calcio-il-santa-croce-ha-lobbligo-dei-tre-punti-derby-con-il-marina","status":"publish","type":"post","link":"https:\/\/www.santacroceweb.com\/index.php\/2015\/11\/14\/calcio-il-santa-croce-ha-lobbligo-dei-tre-punti-derby-con-il-marina\/","title":{"rendered":"Calcio, il Santa Croce ha l&#8217;obbligo dei tre punti: derby con il Marina"},"content":{"rendered":"<p style=\"text-align: justify;\">Questa settimana non \u00e8 stata certo tranquilla per il Santa Croce\u00a0di mister Calogero La Vaccara che ha dovuto rapportarsi con i tanti dubbi della dirigenza biancazzurra, scaturiti dalla sconfitta di sabato scorso contro il Macchitella di Gela. La societ\u00e0 capitanata dal duo presidenziale Marco Agnello e Giuseppe Micieli, infatti, ha avuto pi\u00f9 volte dei colloqui con l\u2019allenatore e la squadra, per cercare di capire quali problematiche stanno affliggendo questo Santa Croce che da oramai tanto tempo sta barcamenandosi in campionato fra alti e bassi. I biancazzurri sono diventati la brutta copia di quella squadra brillante vista a inizio stagione, tant\u2019\u00e8 che nell\u2019ultimo mese e mezzo hanno totalizzato ben cinque sconfitte, contro una sola vittoria, fallendo inoltre la qualificazione in Coppa Italia ai danni del Ragusa. La gara di domenica contro il Marina di Ragusa \u00e8 diventata, quindi, una sorta di ultima spiaggia per non pregiudicare definitivamente gli obiettivi di inizio stagione. &#8220;La squadra \u00e8 chiamata ad una reazione immediata e convincente \u2013 dice il direttore generale Claudio Agnello &#8211; La brutta figura rimediata a Gela contro il Macchitella brucia ancora e la societ\u00e0 difficilmente potr\u00e0 dimenticarla in fretta. Ci aspettiamo tutti che la squadra possa esprimere il valore indiscusso di cui dispone e ritiene che la rosa abbia le qualit\u00e0 e le potenzialit\u00e0 per disputare un campionato con ben altri termini. La gara con il Marina \u00e8 un match da prendere con le pinze in quanto pieno di insidie, ma la squadra ha gli argomenti e lo spessore per superare l&#8217;avversario e conquistare tre punti troppo importanti in questo periodo della stagione&#8221;. La Vaccara per l\u2019occasione dovr\u00e0 rinunciare a Annese, Mascara, Jatta e Andrea Buscema, mentre rientreranno il giovane Iurato e il difensore Cassibba. La gara avr\u00e0 inizio alle ore 14.30 e sar\u00e0 diretta dal signor Fabio Franz\u00f2 di Siracusa che sar\u00e0 collaborato dai signori Daquino e Urz\u00ec.<\/p>\n","protected":false},"excerpt":{"rendered":"<p>Questa settimana non \u00e8 stata certo tranquilla per il Santa Croce\u00a0di mister Calogero La Vaccara che ha dovuto rapportarsi con i tanti dubbi della dirigenza biancazzurra, scaturiti dalla sconfitta di sabato scorso contro il Macchitella di Gela. La societ\u00e0 capitanata dal duo presidenziale Marco Agnello e Giuseppe Micieli, infatti, ha avuto pi\u00f9 volte dei colloqui [&hellip;]<\/p>\n","protected":false},"author":34,"featured_media":32600,"comment_status":"open","ping_status":"open","sticky":false,"template":"","format":"standard","meta":{"footnotes":""},"categories":[3],"tags":[],"class_list":["post-33575","post","type-post","status-publish","format-standard","has-post-thumbnail","hentry","category-sport"],"_links":{"self":[{"href":"https:\/\/www.santacroceweb.com\/index.php\/wp-json\/wp\/v2\/posts\/33575","targetHints":{"allow":["GET"]}}],"collection":[{"href":"https:\/\/www.santacroceweb.com\/index.php\/wp-json\/wp\/v2\/posts"}],"about":[{"href":"https:\/\/www.santacroceweb.com\/index.php\/wp-json\/wp\/v2\/types\/post"}],"author":[{"embeddable":true,"href":"https:\/\/www.santacroceweb.com\/index.php\/wp-json\/wp\/v2\/users\/34"}],"replies":[{"embeddable":true,"href":"https:\/\/www.santacroceweb.com\/index.php\/wp-json\/wp\/v2\/comments?post=33575"}],"version-history":[{"count":0,"href":"https:\/\/www.santacroceweb.com\/index.php\/wp-json\/wp\/v2\/posts\/33575\/revisions"}],"wp:featuredmedia":[{"embeddable":true,"href":"https:\/\/www.santacroceweb.com\/index.php\/wp-json\/wp\/v2\/media\/32600"}],"wp:attachment":[{"href":"https:\/\/www.santacroceweb.com\/index.php\/wp-json\/wp\/v2\/media?parent=33575"}],"wp:term":[{"taxonomy":"category","embeddable":true,"href":"https:\/\/www.santacroceweb.com\/index.php\/wp-json\/wp\/v2\/categories?post=33575"},{"taxonomy":"post_tag","embeddable":true,"href":"https:\/\/www.santacroceweb.com\/index.php\/wp-json\/wp\/v2\/tags?post=33575"}],"curies":[{"name":"wp","href":"https:\/\/api.w.org\/{rel}","templated":true}]}}