{"id":3371,"date":"2013-03-30T13:04:33","date_gmt":"2013-03-30T12:04:33","guid":{"rendered":"http:\/\/www.santacroceweb.com\/giornale1\/?p=3371"},"modified":"2013-03-31T13:27:55","modified_gmt":"2013-03-31T11:27:55","slug":"calcio-a-5-juniores-il-kamarina-cerca-il-pass-per-le-semifinali-si-decide-tutto-con-regalbuto-e-sortino","status":"publish","type":"post","link":"https:\/\/www.santacroceweb.com\/index.php\/2013\/03\/30\/calcio-a-5-juniores-il-kamarina-cerca-il-pass-per-le-semifinali-si-decide-tutto-con-regalbuto-e-sortino\/","title":{"rendered":"Calcio a 5, juniores: il Kamarina cerca il pass per le semifinali. Si decide con Regalbuto e Sortino"},"content":{"rendered":"<p style=\"text-align: justify;\">Nel campionato regionale juniores di calcio a 5, per i giovani del CS Kamarina sta per arrivare il momento pi\u00f9 importante della stagione. Dopo la vittoria nel proprio girone e l&#8217;accesso ai play-off, conclusi anche questi al primo posto, inizia l&#8217;ultima fase che potrebbe catapultare i ragazzi di mister Modica alle finali regionali di categoria. Mercoledi sera alle ore 20 al Pala &#8220;Santa Rosalia&#8221; infatti \u00e8 in programma il primo dei due incontri che sanciranno gli accoppiamenti per le semifinali. I ragazzi di di mister Modica si scontreranno con il Regalbuto, mentre sette giorni dopo andranno a far visita al Citt\u00e0 di Sortino. &#8220;L\u2019ammissione alla semifinale sarebbe il coronamento di un sogno per questi ragazzi &#8211; commenta il segretario Gianni Zocco \u2013. E\u2019, infatti, dal mese di settembre che si allenano con sacrificio inanellando dieci vittorie, tre pareggi e zero sconfitte in tutto l&#8217;arco della stagione. Bisogna fare, per\u00f2, l&#8217;ultimo sforzo, altrimenti l&#8217;obbiettivo delle finali regionali rester\u00e0 solo un sogno. Siamo comunque gi\u00e0 felici di essere tra le prime sei squadre in Sicilia, ma non intendiamo fermarci e faremo di tutto per raggiungere le finali. Per fare ci\u00f2 abbiamo bisogno dell&#8217;apporto dei nostri sostenitori, quindi faccio un appello a tutti loro affinch\u00e8 mercoledi sera possano essere numerosi e rumorosi per spingere i nostri ragazzi verso un traguardo importante&#8221;.<\/p>\n<p style=\"text-align: right;\"><strong>Fabio Fichera<\/strong><\/p>\n","protected":false},"excerpt":{"rendered":"<p>Nel campionato regionale juniores di calcio a 5, per i giovani del CS Kamarina sta per arrivare il momento pi\u00f9 importante della stagione. Dopo la vittoria nel proprio girone e l&#8217;accesso ai play-off, conclusi anche questi al primo posto, inizia l&#8217;ultima fase che potrebbe catapultare i ragazzi di mister Modica alle finali regionali di categoria. [&hellip;]<\/p>\n","protected":false},"author":34,"featured_media":3372,"comment_status":"open","ping_status":"open","sticky":false,"template":"","format":"standard","meta":{"footnotes":""},"categories":[1,3],"tags":[],"class_list":["post-3371","post","type-post","status-publish","format-standard","has-post-thumbnail","hentry","category-news","category-sport"],"_links":{"self":[{"href":"https:\/\/www.santacroceweb.com\/index.php\/wp-json\/wp\/v2\/posts\/3371","targetHints":{"allow":["GET"]}}],"collection":[{"href":"https:\/\/www.santacroceweb.com\/index.php\/wp-json\/wp\/v2\/posts"}],"about":[{"href":"https:\/\/www.santacroceweb.com\/index.php\/wp-json\/wp\/v2\/types\/post"}],"author":[{"embeddable":true,"href":"https:\/\/www.santacroceweb.com\/index.php\/wp-json\/wp\/v2\/users\/34"}],"replies":[{"embeddable":true,"href":"https:\/\/www.santacroceweb.com\/index.php\/wp-json\/wp\/v2\/comments?post=3371"}],"version-history":[{"count":0,"href":"https:\/\/www.santacroceweb.com\/index.php\/wp-json\/wp\/v2\/posts\/3371\/revisions"}],"wp:featuredmedia":[{"embeddable":true,"href":"https:\/\/www.santacroceweb.com\/index.php\/wp-json\/wp\/v2\/media\/3372"}],"wp:attachment":[{"href":"https:\/\/www.santacroceweb.com\/index.php\/wp-json\/wp\/v2\/media?parent=3371"}],"wp:term":[{"taxonomy":"category","embeddable":true,"href":"https:\/\/www.santacroceweb.com\/index.php\/wp-json\/wp\/v2\/categories?post=3371"},{"taxonomy":"post_tag","embeddable":true,"href":"https:\/\/www.santacroceweb.com\/index.php\/wp-json\/wp\/v2\/tags?post=3371"}],"curies":[{"name":"wp","href":"https:\/\/api.w.org\/{rel}","templated":true}]}}