{"id":34021,"date":"2015-11-28T13:23:59","date_gmt":"2015-11-28T12:23:59","guid":{"rendered":"http:\/\/www.santacroceweb.com\/giornale1\/?p=34021"},"modified":"2015-11-28T13:23:59","modified_gmt":"2015-11-28T12:23:59","slug":"natale-senza-luci-lex-consulente-spara-a-zero-non-esiste-un-programma","status":"publish","type":"post","link":"https:\/\/www.santacroceweb.com\/index.php\/2015\/11\/28\/natale-senza-luci-lex-consulente-spara-a-zero-non-esiste-un-programma\/","title":{"rendered":"Natale senza luci, l&#8217;ex consulente spara a zero: &#8220;Non esiste un programma&#8221;"},"content":{"rendered":"<p style=\"text-align: justify;\">Con un post apparso su Facebook, il presidente della sezione Ascom di Santa Croce Camerina, Vitaliano Pollari, ha sferrato\u00a0un duro attacco nei confronti di sindaco e amministrazione comunale di Santa Croce Camerina, per la quale fino a poco tempo fa ricopriva l&#8217;incarico di esperto e consulente in tema di\u00a0spettacoli. Nella\u00a0nota Pollari ha voluto sottolineare che quello che sta accadendo a Santa Croce\u00a0sulle iniziative natalizie \u00e8 lo specchio esatto di quello che sta accadendo nelle altre attivit\u00e0\u00a0amministrative: nessun senso della programmazione, totale mancanza di confronto, scarsa trasparenza.<\/p>\n<p style=\"text-align: justify;\">&#8220;Volevo attendere ancora, ma credo che ormai siamo al limite! Ad oggi non esistono luci natalizie per il paese, non esiste un qualunque albero simbolo del Natale nella centrale piazza, non esistono abbellimenti natalizi, non esiste un programma natalizio,\u00a0non sono previsti avvenimenti. I famosi mercatini? Le famose bancarelle? Gli artisti di strada? Tutto ci\u00f2 sappiate che era organizzato da semplici cittadini, commercianti o associazioni. Sappiatelo!!! Ovviamente non \u00e8 stata fatta nessuna pubblicit\u00e0 per attirare persone da fuori. E cos\u00ec che vogliamo incrementare il turismo? E&#8217; cos\u00ec che vogliamo incrementare le vendite dei commercianti locali? Dimenticavo: ad oggi nessun invito da parte di un amministratore per concordare o progettare il Natale 2015!! Possibile che le iniziative devono partire sempre da noi? Questo \u00e8 uno dei motivi per i quali ho abbandonato (riferimento al ruolo di consulente del sindaco), non sanno cosa significa \u201cpartecipazione\u2026\u201d. Per fortuna che il tempo passa velocemente\u2026&#8221;.<\/p>\n","protected":false},"excerpt":{"rendered":"<p>Con un post apparso su Facebook, il presidente della sezione Ascom di Santa Croce Camerina, Vitaliano Pollari, ha sferrato\u00a0un duro attacco nei confronti di sindaco e amministrazione comunale di Santa Croce Camerina, per la quale fino a poco tempo fa ricopriva l&#8217;incarico di esperto e consulente in tema di\u00a0spettacoli. Nella\u00a0nota Pollari ha voluto sottolineare che [&hellip;]<\/p>\n","protected":false},"author":34,"featured_media":34022,"comment_status":"open","ping_status":"open","sticky":false,"template":"","format":"standard","meta":{"footnotes":""},"categories":[4],"tags":[],"class_list":["post-34021","post","type-post","status-publish","format-standard","has-post-thumbnail","hentry","category-politica"],"_links":{"self":[{"href":"https:\/\/www.santacroceweb.com\/index.php\/wp-json\/wp\/v2\/posts\/34021","targetHints":{"allow":["GET"]}}],"collection":[{"href":"https:\/\/www.santacroceweb.com\/index.php\/wp-json\/wp\/v2\/posts"}],"about":[{"href":"https:\/\/www.santacroceweb.com\/index.php\/wp-json\/wp\/v2\/types\/post"}],"author":[{"embeddable":true,"href":"https:\/\/www.santacroceweb.com\/index.php\/wp-json\/wp\/v2\/users\/34"}],"replies":[{"embeddable":true,"href":"https:\/\/www.santacroceweb.com\/index.php\/wp-json\/wp\/v2\/comments?post=34021"}],"version-history":[{"count":0,"href":"https:\/\/www.santacroceweb.com\/index.php\/wp-json\/wp\/v2\/posts\/34021\/revisions"}],"wp:featuredmedia":[{"embeddable":true,"href":"https:\/\/www.santacroceweb.com\/index.php\/wp-json\/wp\/v2\/media\/34022"}],"wp:attachment":[{"href":"https:\/\/www.santacroceweb.com\/index.php\/wp-json\/wp\/v2\/media?parent=34021"}],"wp:term":[{"taxonomy":"category","embeddable":true,"href":"https:\/\/www.santacroceweb.com\/index.php\/wp-json\/wp\/v2\/categories?post=34021"},{"taxonomy":"post_tag","embeddable":true,"href":"https:\/\/www.santacroceweb.com\/index.php\/wp-json\/wp\/v2\/tags?post=34021"}],"curies":[{"name":"wp","href":"https:\/\/api.w.org\/{rel}","templated":true}]}}