{"id":34154,"date":"2015-12-02T19:49:56","date_gmt":"2015-12-02T18:49:56","guid":{"rendered":"http:\/\/www.santacroceweb.com\/giornale1\/?p=34154"},"modified":"2015-12-02T19:49:56","modified_gmt":"2015-12-02T18:49:56","slug":"udienza-preliminare-per-veronica-i-segni-ai-polsi-di-loris-sono-successivi","status":"publish","type":"post","link":"https:\/\/www.santacroceweb.com\/index.php\/2015\/12\/02\/udienza-preliminare-per-veronica-i-segni-ai-polsi-di-loris-sono-successivi\/","title":{"rendered":"Udienza preliminare per Veronica: &#8220;I segni ai polsi di Loris sono successivi&#8230;&#8221;"},"content":{"rendered":"<p style=\"text-align: justify;\">Veronica Panarello torna in aula gioved\u00ec mattina per l&#8217;udienza preliminare rinviata lo scorso 20 novembre. La donna, accusata fin qui dell&#8217;omicidio del figlio Loris, 8 anni, comparir\u00e0 davanti al Gup di Ragusa Andrea Reale, che si pronuncer\u00e0 sul rinvio a giudizio. La Panarello, un paio di settimane fa, ha fornito una diversa verit\u00e0 riguardante gli avvenimenti del 29 novembre 2014. Secondo la donna, che per la prima volta ha ammesso di non aver accompagnato il figlio a scuola, Loris si sarebbe strangolato da solo con delle fascette da elettricista. Veronica ha ribadito di non essere stata lei a uccidere il piccolo, ma solo di averne scaricato il corpo nel canalone perch\u00e9 in preda al panico: &#8220;Loris, la sera prima di morire, ha giocato con alcune fascette di plastica, con le quali si era legato le mani &#8211; spiega la Panarello nella sua ricostruzione -. Questo spiega perch\u00e9 quando \u00e8 stato trovato morto aveva dei segni sui polsi. La mattina successiva stava giocando con le stesse fascette e se n\u2019\u00e8 stretta una intorno al collo&#8221;. Ma il settimanale &#8216;Giallo&#8217; ha reso noto il referto dell&#8217;autopsia eseguita dal dottor Giuseppe Iuvara. E la verit\u00e0 sarebbe un&#8217;altra: &#8220;Risulta assolutamente verosimile l\u2019ipotesi di una contenzione attuata con lo stesso mezzo usato per lo strangolamento, ma applicato solo in una fase di grave compromissione di coscienza, ovvero a funzioni vitali ormai irrimediabilmente compromesse&#8221;. Cio\u00e9, a Loris sarebbero stati stretti i polsi soltanto in un momento successivo allo strangolamento. E non la sera prima.<\/p>\n<p style=\"text-align: justify;\">\n","protected":false},"excerpt":{"rendered":"<p>Veronica Panarello torna in aula gioved\u00ec mattina per l&#8217;udienza preliminare rinviata lo scorso 20 novembre. La donna, accusata fin qui dell&#8217;omicidio del figlio Loris, 8 anni, comparir\u00e0 davanti al Gup di Ragusa Andrea Reale, che si pronuncer\u00e0 sul rinvio a giudizio. La Panarello, un paio di settimane fa, ha fornito una diversa verit\u00e0 riguardante gli [&hellip;]<\/p>\n","protected":false},"author":34,"featured_media":33781,"comment_status":"open","ping_status":"open","sticky":false,"template":"","format":"standard","meta":{"footnotes":""},"categories":[7],"tags":[],"class_list":["post-34154","post","type-post","status-publish","format-standard","has-post-thumbnail","hentry","category-cronaca"],"_links":{"self":[{"href":"https:\/\/www.santacroceweb.com\/index.php\/wp-json\/wp\/v2\/posts\/34154","targetHints":{"allow":["GET"]}}],"collection":[{"href":"https:\/\/www.santacroceweb.com\/index.php\/wp-json\/wp\/v2\/posts"}],"about":[{"href":"https:\/\/www.santacroceweb.com\/index.php\/wp-json\/wp\/v2\/types\/post"}],"author":[{"embeddable":true,"href":"https:\/\/www.santacroceweb.com\/index.php\/wp-json\/wp\/v2\/users\/34"}],"replies":[{"embeddable":true,"href":"https:\/\/www.santacroceweb.com\/index.php\/wp-json\/wp\/v2\/comments?post=34154"}],"version-history":[{"count":0,"href":"https:\/\/www.santacroceweb.com\/index.php\/wp-json\/wp\/v2\/posts\/34154\/revisions"}],"wp:featuredmedia":[{"embeddable":true,"href":"https:\/\/www.santacroceweb.com\/index.php\/wp-json\/wp\/v2\/media\/33781"}],"wp:attachment":[{"href":"https:\/\/www.santacroceweb.com\/index.php\/wp-json\/wp\/v2\/media?parent=34154"}],"wp:term":[{"taxonomy":"category","embeddable":true,"href":"https:\/\/www.santacroceweb.com\/index.php\/wp-json\/wp\/v2\/categories?post=34154"},{"taxonomy":"post_tag","embeddable":true,"href":"https:\/\/www.santacroceweb.com\/index.php\/wp-json\/wp\/v2\/tags?post=34154"}],"curies":[{"name":"wp","href":"https:\/\/api.w.org\/{rel}","templated":true}]}}