{"id":34174,"date":"2015-12-03T11:18:49","date_gmt":"2015-12-03T10:18:49","guid":{"rendered":"http:\/\/www.santacroceweb.com\/giornale1\/?p=34174"},"modified":"2015-12-03T14:31:07","modified_gmt":"2015-12-03T13:31:07","slug":"veronica-sara-giudicata-con-rito-abbreviato-prima-udienza-il-14-dicembre","status":"publish","type":"post","link":"https:\/\/www.santacroceweb.com\/index.php\/2015\/12\/03\/veronica-sara-giudicata-con-rito-abbreviato-prima-udienza-il-14-dicembre\/","title":{"rendered":"Veronica sar\u00e0 giudicata con rito abbreviato: prima udienza il 14 dicembre"},"content":{"rendered":"<p style=\"text-align: justify;\">Il gup di Ragusa, Andrea Reale, ha deciso: Veronica Panarello, accusata per omicidio e occultamento di cadavere, sar\u00e0 giudicata con il rito abbreviato condizionato a perizia psichiatrica. Il gup ha cos\u00ec accolto le richieste di Francesco Villardita, legale della donna, che salva\u00a0la sua assistita da una condanna all&#8217;ergastolo. Anche se non ha ammesso l&#8217;audizione di una testimone, come richiesto dalla difesa. La Panarello nelle recenti dichiarazioni ha confessato\u00a0di aver scaricato il corpicino del figlio nel canalone dopo che questo si sarebbe strangolato da solo con le fascette da elettricista. Una versione a cui non crede la Procura, che stamattina, durante l&#8217;udienza preliminare, ha contestato a Veronica la premeditazione.<\/p>\n<p style=\"text-align: justify;\">Il prima udienza \u00e8 fissata\u00a0per<span class=\"nero\"> il 14 dicembre e sar\u00e0 la prima vera udienza del processo,<\/span> quella in cui verr\u00e0 conferito ai periti medico-legali l\u2019incarico della perizia psichiatrica su Veronica. Solo dopo l\u2019esito di questa perizia il processo potr\u00e0 andare avanti. Stamane la\u00a0Panarello \u00e8 arrivata in aula, a Palazzo di Giustizia, poco prima delle 9.\u00a0Presente anche il padre del bambino, Davide Stival.\u00a0Prima che il gup decidesse per l\u2019abbreviato condizionato, la difesa aveva chiesto la perizia psichiatrica per la presunta assassina ma il gup aveva respinto la richiesta. &#8220;Veronica Panarello \u00e8 tranquilla, la scelta del rito abbreviato condizionato \u00e8 stata fatta con lei ed \u00e8 stata pienamente condivisa&#8221;, ha detto il suo legale all\u2019uscita da Palazzo di Giustizia.<\/p>\n","protected":false},"excerpt":{"rendered":"<p>Il gup di Ragusa, Andrea Reale, ha deciso: Veronica Panarello, accusata per omicidio e occultamento di cadavere, sar\u00e0 giudicata con il rito abbreviato condizionato a perizia psichiatrica. Il gup ha cos\u00ec accolto le richieste di Francesco Villardita, legale della donna, che salva\u00a0la sua assistita da una condanna all&#8217;ergastolo. Anche se non ha ammesso l&#8217;audizione di [&hellip;]<\/p>\n","protected":false},"author":34,"featured_media":23505,"comment_status":"open","ping_status":"open","sticky":false,"template":"","format":"standard","meta":{"footnotes":""},"categories":[7,11],"tags":[],"class_list":["post-34174","post","type-post","status-publish","format-standard","has-post-thumbnail","hentry","category-cronaca","category-primopiano"],"_links":{"self":[{"href":"https:\/\/www.santacroceweb.com\/index.php\/wp-json\/wp\/v2\/posts\/34174","targetHints":{"allow":["GET"]}}],"collection":[{"href":"https:\/\/www.santacroceweb.com\/index.php\/wp-json\/wp\/v2\/posts"}],"about":[{"href":"https:\/\/www.santacroceweb.com\/index.php\/wp-json\/wp\/v2\/types\/post"}],"author":[{"embeddable":true,"href":"https:\/\/www.santacroceweb.com\/index.php\/wp-json\/wp\/v2\/users\/34"}],"replies":[{"embeddable":true,"href":"https:\/\/www.santacroceweb.com\/index.php\/wp-json\/wp\/v2\/comments?post=34174"}],"version-history":[{"count":0,"href":"https:\/\/www.santacroceweb.com\/index.php\/wp-json\/wp\/v2\/posts\/34174\/revisions"}],"wp:featuredmedia":[{"embeddable":true,"href":"https:\/\/www.santacroceweb.com\/index.php\/wp-json\/wp\/v2\/media\/23505"}],"wp:attachment":[{"href":"https:\/\/www.santacroceweb.com\/index.php\/wp-json\/wp\/v2\/media?parent=34174"}],"wp:term":[{"taxonomy":"category","embeddable":true,"href":"https:\/\/www.santacroceweb.com\/index.php\/wp-json\/wp\/v2\/categories?post=34174"},{"taxonomy":"post_tag","embeddable":true,"href":"https:\/\/www.santacroceweb.com\/index.php\/wp-json\/wp\/v2\/tags?post=34174"}],"curies":[{"name":"wp","href":"https:\/\/api.w.org\/{rel}","templated":true}]}}