{"id":35261,"date":"2016-01-16T10:15:56","date_gmt":"2016-01-16T09:15:56","guid":{"rendered":"http:\/\/www.santacroceweb.com\/giornale1\/?p=35261"},"modified":"2016-01-16T10:15:56","modified_gmt":"2016-01-16T09:15:56","slug":"veronica-udienza-al-tribunale-dei-minori-rischia-di-perdere-il-figlio-piccolo","status":"publish","type":"post","link":"https:\/\/www.santacroceweb.com\/index.php\/2016\/01\/16\/veronica-udienza-al-tribunale-dei-minori-rischia-di-perdere-il-figlio-piccolo\/","title":{"rendered":"Veronica, udienza al Tribunale dei Minori: rischia di &#8220;perdere&#8221; il figlio piccolo"},"content":{"rendered":"<p style=\"text-align: justify;\">Veronica Panarello, accusata di aver ucciso il figlio Loris e di averne occultato il cadavere, rischia di non vedere pi\u00f9 il figlioletto pi\u00f9 piccolo di 4 anni. La donna, stando alla ricostruzione immediatamente successive alla perizia psichiatrica sostenuta, non sarebbe pi\u00f9 in grado di esercitare le funzioni genitoriali. L&#8217;udienza sull&#8217;affidamento si \u00e8 svolta venerd\u00ec\u00a0mattina presso il Tribunale dei minori di Catania, che non si \u00e8 ancora espresso. Veronica Panarello non sarebbe inoltre affetta da particolari patologie psichiatriche. &#8220;La capacit\u00e0 genitoriale non associata ad una patologia psichiatrica \u00e8 difficile da sostenere, quindi non capiamo a cosa possa essere ancorata&#8221;, ha dichiarato Francesco Villardita, il legale della mamma di Loris, specificando di aver fatto &#8220;richiesta di reclamo dei periti per fornire dei chiarimenti dal momento che non avevano risposto ad alcuni punti avanzati dai nostri consulenti tecnici di parte&#8221;. In precedenza, sostiene Villardita, &#8220;sono stati fatti test che nella perizia non sono stati valutati&#8221;, come un &#8220;test la cui valutazione comporta scelte particolari sotto il profilo psichiatrico&#8221;.\u00a0Di altro avviso il legale di Davide Stival, il padre di Loris, secondo cui &#8220;la perizia \u00e8 completa e ha risposto ad ogni tipo di valutazione&#8221;. Il fratellino di Loris intanto \u00e8 temporaneamente affidato al pap\u00e0 Davide e alla nonna paterna.<\/p>\n","protected":false},"excerpt":{"rendered":"<p>Veronica Panarello, accusata di aver ucciso il figlio Loris e di averne occultato il cadavere, rischia di non vedere pi\u00f9 il figlioletto pi\u00f9 piccolo di 4 anni. La donna, stando alla ricostruzione immediatamente successive alla perizia psichiatrica sostenuta, non sarebbe pi\u00f9 in grado di esercitare le funzioni genitoriali. L&#8217;udienza sull&#8217;affidamento si \u00e8 svolta venerd\u00ec\u00a0mattina presso [&hellip;]<\/p>\n","protected":false},"author":34,"featured_media":23305,"comment_status":"open","ping_status":"open","sticky":false,"template":"","format":"standard","meta":{"footnotes":""},"categories":[7],"tags":[],"class_list":["post-35261","post","type-post","status-publish","format-standard","has-post-thumbnail","hentry","category-cronaca"],"_links":{"self":[{"href":"https:\/\/www.santacroceweb.com\/index.php\/wp-json\/wp\/v2\/posts\/35261","targetHints":{"allow":["GET"]}}],"collection":[{"href":"https:\/\/www.santacroceweb.com\/index.php\/wp-json\/wp\/v2\/posts"}],"about":[{"href":"https:\/\/www.santacroceweb.com\/index.php\/wp-json\/wp\/v2\/types\/post"}],"author":[{"embeddable":true,"href":"https:\/\/www.santacroceweb.com\/index.php\/wp-json\/wp\/v2\/users\/34"}],"replies":[{"embeddable":true,"href":"https:\/\/www.santacroceweb.com\/index.php\/wp-json\/wp\/v2\/comments?post=35261"}],"version-history":[{"count":0,"href":"https:\/\/www.santacroceweb.com\/index.php\/wp-json\/wp\/v2\/posts\/35261\/revisions"}],"wp:featuredmedia":[{"embeddable":true,"href":"https:\/\/www.santacroceweb.com\/index.php\/wp-json\/wp\/v2\/media\/23305"}],"wp:attachment":[{"href":"https:\/\/www.santacroceweb.com\/index.php\/wp-json\/wp\/v2\/media?parent=35261"}],"wp:term":[{"taxonomy":"category","embeddable":true,"href":"https:\/\/www.santacroceweb.com\/index.php\/wp-json\/wp\/v2\/categories?post=35261"},{"taxonomy":"post_tag","embeddable":true,"href":"https:\/\/www.santacroceweb.com\/index.php\/wp-json\/wp\/v2\/tags?post=35261"}],"curies":[{"name":"wp","href":"https:\/\/api.w.org\/{rel}","templated":true}]}}