{"id":35263,"date":"2016-01-16T11:52:53","date_gmt":"2016-01-16T10:52:53","guid":{"rendered":"http:\/\/www.santacroceweb.com\/giornale1\/?p=35263"},"modified":"2016-01-16T11:54:53","modified_gmt":"2016-01-16T10:54:53","slug":"chiaramonte-gulfi-cani-maltrattati-e-malnutriti-denunciato-dai-carabinieri-un-68enne","status":"publish","type":"post","link":"https:\/\/www.santacroceweb.com\/index.php\/2016\/01\/16\/chiaramonte-gulfi-cani-maltrattati-e-malnutriti-denunciato-dai-carabinieri-un-68enne\/","title":{"rendered":"<font color=red>Chiaramonte Gulfi &#8211;<\/font color> Cani maltrattati e malnutriti: denunciato dai Carabinieri un 68enne agricoltore"},"content":{"rendered":"<p style=\"text-align: justify;\">Cani maltrattati, allevati in condizioni generali precarie, tenuti legati agli alberi e privi di qualsiasi riparo dalle intemperie e con segni di malnutrizione: \u00e8 questo quanto \u00e8 stato riscontrato dai Carabinieri della Stazione di Chiaramonte Gulfi e da quelli del Nas di Ragusa, nonch\u00e9 da personale del servizio veterinario dell\u2019ASP provinciale nella giornata di ieri in contrada Morana, durante un mirato servizio di contrasto al maltrattamento di animali negli allevamenti della zona. Al termine dell\u2019attivit\u00e0 i militari hanno deferito in stato di libert\u00e0 per il reato di cui all\u2019art. 544 ter, maltrattamento di animali, un 68enne del luogo, D.P., con precedenti penali.<\/p>\n<p style=\"text-align: justify;\">In particolare, i Carabinieri hanno verificato che all\u2019interno del suo appezzamento agricolo l\u2019uomo custodiva una trentina di cani di razza meticcia, di et\u00e0 variabile dai pochi mesi ai 13 anni, in assenza delle basilari condizioni igienico-sanitarie. Inoltre, gli animali erano costretti a trovare protezione dalle intemperie sotto ripari di fortuna: dieci di essi sono stati trovati legati ad alcuni alberi con catenacci in ferro di cortissime dimensioni, che ne impedivano qualsiasi movimento. E\u2019 stato accertato altres\u00ec che gli stessi erano sottoposti a comportamenti contrari alle loro caratteristiche etologiche e, pertanto, sono stati sottoposti a sequestro e affidati in custodia giudiziale ad una ditta specializzata di Ragusa.\u00a0Qualche animale mostrava segni di malnutrizione, ma nessuno, fortunatamente, presentava ferite associabili a sevizie: gli accertamenti sono ancora in corso e le indagini sono suscettibili di ulteriori sviluppi.<\/p>\n","protected":false},"excerpt":{"rendered":"<p>Cani maltrattati, allevati in condizioni generali precarie, tenuti legati agli alberi e privi di qualsiasi riparo dalle intemperie e con segni di malnutrizione: \u00e8 questo quanto \u00e8 stato riscontrato dai Carabinieri della Stazione di Chiaramonte Gulfi e da quelli del Nas di Ragusa, nonch\u00e9 da personale del servizio veterinario dell\u2019ASP provinciale nella giornata di ieri [&hellip;]<\/p>\n","protected":false},"author":34,"featured_media":35264,"comment_status":"open","ping_status":"open","sticky":false,"template":"","format":"standard","meta":{"footnotes":""},"categories":[12],"tags":[],"class_list":["post-35263","post","type-post","status-publish","format-standard","has-post-thumbnail","hentry","category-breaking"],"_links":{"self":[{"href":"https:\/\/www.santacroceweb.com\/index.php\/wp-json\/wp\/v2\/posts\/35263","targetHints":{"allow":["GET"]}}],"collection":[{"href":"https:\/\/www.santacroceweb.com\/index.php\/wp-json\/wp\/v2\/posts"}],"about":[{"href":"https:\/\/www.santacroceweb.com\/index.php\/wp-json\/wp\/v2\/types\/post"}],"author":[{"embeddable":true,"href":"https:\/\/www.santacroceweb.com\/index.php\/wp-json\/wp\/v2\/users\/34"}],"replies":[{"embeddable":true,"href":"https:\/\/www.santacroceweb.com\/index.php\/wp-json\/wp\/v2\/comments?post=35263"}],"version-history":[{"count":0,"href":"https:\/\/www.santacroceweb.com\/index.php\/wp-json\/wp\/v2\/posts\/35263\/revisions"}],"wp:featuredmedia":[{"embeddable":true,"href":"https:\/\/www.santacroceweb.com\/index.php\/wp-json\/wp\/v2\/media\/35264"}],"wp:attachment":[{"href":"https:\/\/www.santacroceweb.com\/index.php\/wp-json\/wp\/v2\/media?parent=35263"}],"wp:term":[{"taxonomy":"category","embeddable":true,"href":"https:\/\/www.santacroceweb.com\/index.php\/wp-json\/wp\/v2\/categories?post=35263"},{"taxonomy":"post_tag","embeddable":true,"href":"https:\/\/www.santacroceweb.com\/index.php\/wp-json\/wp\/v2\/tags?post=35263"}],"curies":[{"name":"wp","href":"https:\/\/api.w.org\/{rel}","templated":true}]}}