{"id":3574,"date":"2013-04-12T08:20:12","date_gmt":"2013-04-12T06:20:12","guid":{"rendered":"http:\/\/www.santacroceweb.com\/giornale1\/?p=3574"},"modified":"2013-04-12T08:20:45","modified_gmt":"2013-04-12T06:20:45","slug":"al-comune-di-santa-croce-non-funziona-piu-neanche-il-sito-internet-e-grave-la-nota-di-piero-mandara","status":"publish","type":"post","link":"https:\/\/www.santacroceweb.com\/index.php\/2013\/04\/12\/al-comune-di-santa-croce-non-funziona-piu-neanche-il-sito-internet-e-grave-la-nota-di-piero-mandara\/","title":{"rendered":"&#8220;Al Comune di Santa Croce non funziona pi\u00f9 neanche il sito internet&#8221;: la nota di Piero Mandar\u00e0"},"content":{"rendered":"<p style=\"text-align: justify;\">Il black out prolungato del sito internet del Comune di Santa Croce Camerina, ormai fuori uso da diversi mesi, rischia di trasformarsi in un vero e proprio bluff&#8221;. Inizia cos\u00ec la nota di Piero Mandar\u00e0, segretario del movimento cittadino &#8216;Tutti x Santa Croce. &#8220;All\u2019indirizzo dell\u2019Ente, infatti, non compaiono pi\u00f9 i classici contenuti, bens\u00ec una scritta: Impossibile trovare www.santacrocecamerina.com. A quanto pare, dunque, nessuno al momento ha l\u2019interesse di diffondere e fare sapere tutto quello che succede all\u2019interno del palazzo comunale. Nel mese di dicembre ci era stato detto che era una questione di giorni e che il sito on-line del comune sarebbe stato ripristinato con una nuova veste grafica e impaginazione ma dopo 5 mesi non esiste traccia di tutto ci\u00f2. E\u2019 dire che oggi il sito per i comuni rappresenta una forma di rafforzamento dei principi di \u201ctrasparenza, valutazione, merito\u201d per rendere pi\u00f9 immediata la diffusione delle informazioni, migliorare l\u2019interoperabilit\u00e0 fra sistemi istituzionali, favorire l\u2019integrazione di strumenti e la possibilit\u00e0 di coinvolgere, condividere e far partecipare maggiormente i cittadini (open government, e-participation). Come \u00e8 concepibile una cosa del genere nell\u2019epoca dell\u2019Amministrazione digitale? Tra l\u2019altro, un tale disservizio pone il fianco a varie inadempienze di legge. Basti pensare, ad esempio, all\u2019Albo pretorio elettronico, la cui istituzione fu\u00a0imposta dall\u2019ex-ministro Brunetta, che doveva far risparmiare le Amministrazioni imponendo la pubblicazione degli atti on line. Come far\u00e0 ora il Comune Santa Croce Camerina ad adempiere ai suoi obblighi di pubblicazione legale dei documenti, visto che la pubblicazione dei documenti cartacei non ha pi\u00f9 effetto di legge?&#8221; si chiede l&#8217;ex assessore, che poi continua il suo intervento. &#8220;Aggiungiamo che, a nostra conoscenza, il Comune tuttora non possiede un regolamento che governi la gestione del sito, per cui non si sa bene con quali criteri vengano pubblicati gli atti. Ad esempio, di quasi tutte le determine viene pubblicato il solo titolo (per cui, indovinarne i contenuti \u00e8 materia di chiaroveggenza), mentre le delibere di giunta vengono spesso pubblicate senza allegati (quindi, risultano di poca utilit\u00e0 per i cittadino). N\u00e9 ci risulta esista ufficialmente un responsabile della gestione del sito e\/o delle pubblicazioni nell\u2019albo pretorio; pertanto, qualora si dovesse verificare un disservizio, il cittadino non sa a chi segnalarlo e\/o a chi attribuirne le responsabilit\u00e0. Comunque sia, il fatto tangibile \u00e8 che al momento il sito, servizio indispensabile per il cittadino, non esiste pi\u00f9. Speriamo che il problema venga al pi\u00f9 presto risolto, e che al cittadino vengano resi nuovamente accessibili atti, documenti, informazioni e modulistica on line&#8221;.<\/p>\n<p style=\"text-align: right;\"><strong>Redazione<\/strong><\/p>\n","protected":false},"excerpt":{"rendered":"<p>Il black out prolungato del sito internet del Comune di Santa Croce Camerina, ormai fuori uso da diversi mesi, rischia di trasformarsi in un vero e proprio bluff&#8221;. Inizia cos\u00ec la nota di Piero Mandar\u00e0, segretario del movimento cittadino &#8216;Tutti x Santa Croce. &#8220;All\u2019indirizzo dell\u2019Ente, infatti, non compaiono pi\u00f9 i classici contenuti, bens\u00ec una scritta: [&hellip;]<\/p>\n","protected":false},"author":34,"featured_media":3575,"comment_status":"open","ping_status":"open","sticky":false,"template":"","format":"standard","meta":{"footnotes":""},"categories":[1,4],"tags":[],"class_list":["post-3574","post","type-post","status-publish","format-standard","has-post-thumbnail","hentry","category-news","category-politica"],"_links":{"self":[{"href":"https:\/\/www.santacroceweb.com\/index.php\/wp-json\/wp\/v2\/posts\/3574","targetHints":{"allow":["GET"]}}],"collection":[{"href":"https:\/\/www.santacroceweb.com\/index.php\/wp-json\/wp\/v2\/posts"}],"about":[{"href":"https:\/\/www.santacroceweb.com\/index.php\/wp-json\/wp\/v2\/types\/post"}],"author":[{"embeddable":true,"href":"https:\/\/www.santacroceweb.com\/index.php\/wp-json\/wp\/v2\/users\/34"}],"replies":[{"embeddable":true,"href":"https:\/\/www.santacroceweb.com\/index.php\/wp-json\/wp\/v2\/comments?post=3574"}],"version-history":[{"count":0,"href":"https:\/\/www.santacroceweb.com\/index.php\/wp-json\/wp\/v2\/posts\/3574\/revisions"}],"wp:featuredmedia":[{"embeddable":true,"href":"https:\/\/www.santacroceweb.com\/index.php\/wp-json\/wp\/v2\/media\/3575"}],"wp:attachment":[{"href":"https:\/\/www.santacroceweb.com\/index.php\/wp-json\/wp\/v2\/media?parent=3574"}],"wp:term":[{"taxonomy":"category","embeddable":true,"href":"https:\/\/www.santacroceweb.com\/index.php\/wp-json\/wp\/v2\/categories?post=3574"},{"taxonomy":"post_tag","embeddable":true,"href":"https:\/\/www.santacroceweb.com\/index.php\/wp-json\/wp\/v2\/tags?post=3574"}],"curies":[{"name":"wp","href":"https:\/\/api.w.org\/{rel}","templated":true}]}}