{"id":3576,"date":"2013-04-12T08:02:33","date_gmt":"2013-04-12T06:02:33","guid":{"rendered":"http:\/\/www.santacroceweb.com\/giornale1\/?p=3576"},"modified":"2013-04-12T09:36:07","modified_gmt":"2013-04-12T07:36:07","slug":"il-pd-evoca-il-confronto-fra-il-sindaco-e-le-altre-forze-politiche-poi-attacca-puglisi-lintervista-a-farina","status":"publish","type":"post","link":"https:\/\/www.santacroceweb.com\/index.php\/2013\/04\/12\/il-pd-evoca-il-confronto-fra-il-sindaco-e-le-altre-forze-politiche-poi-attacca-puglisi-lintervista-a-farina\/","title":{"rendered":"Il PD evoca il confronto fra il sindaco e le altre forze, poi attacca Puglisi: l&#8217;intervista a Farina"},"content":{"rendered":"<p style=\"text-align: justify;\">Il Partito Democratico, con il segretario cittadino Gaetano Farina, in un&#8217;intervista raccolta dalla redazione di Santa Croce Web parla dei rapporti con l&#8217;attuale sindaco e la sua giunta e delle polemiche emerse in questi giorni con l&#8217;attacco sferrato nei confronti dell&#8217;amministrazione comunale da alcuni movimenti politici locali. Ecco nei dettagli tutta l&#8217;intervista rilasciata alla nostra redazione.<\/p>\n<p style=\"text-align: justify;\">1. <span style=\"text-decoration: underline;\">Il PD \u00e8 stato uno dei principali sponsor di Franca Iurato alle ultime elezioni. Come sono i rapporti fra sindaco e partito? Esiste un confronto sul metodo e sul merito delle attivit\u00e0 amministrative?<\/span><\/p>\n<p style=\"text-align: justify;\">Non si tratta di una sponsorizzazione per Franca Iurato sindaco, ma di una scelta, che il partito di maggioranza della coalizione &#8216;il Paese che vogliamo&#8217;, ha fatto in maniera democratica; il confronto \u00e8 sicuramente un aspetto importante e fondamentale.<\/p>\n<p style=\"text-align: justify;\"><span style=\"text-decoration: underline;\">2. Dopo un anno di amministrazione Iurato qual \u00e8 il giudizio suo e quello del partito che rappresenta sull\u2019operato della giunta?<\/span><\/p>\n<p style=\"text-align: justify;\">Nel momento in cui era in corso lo spoglio, mi ripetevo e ripetevo a chiunque, che chi fosse stato eletto si sarebbe trovato sicuramente ad affrontare una situazione molto complessa e soprattutto difficile da gestire non soltanto per la congiuntura economica ma anche per la difficile situazione sociale e per l\u2019assenza di infrastrutture. Cos\u00ec \u00e8 stato: le difficolt\u00e0 incontrate da Franca Iurato, quali l\u2019assenza di un Segretario Comunale stabile, la mancanza di un Capo ufficio tecnico, il bilancio da approvare, non sono stato di facile risoluzione. Il sindaco si \u00e8 messo subito al lavoro per risolvere queste questioni.<\/p>\n<p style=\"text-align: justify;\"><span style=\"text-decoration: underline;\">3. Quali sono i progetti o le iniziative che il PD aveva in programma e porterebbe avanti o sosterrebbe oggi in merito della ex caserma della guardia di finanza, dell\u2019ex macello e della casa famiglia \u201cDon Gnocchi\u201d?<\/span><\/p>\n<p style=\"text-align: justify;\">Sono del parere che lo sviluppo del territorio passi attraverso l\u2019individuazione delle problematiche e la ricerca delle loro soluzioni. La Caserma rappresenta un grosso handicap per Punta Secca, il suo stato di abbandono \u00e8 una vergogna: o abbattere o riconvertire. L\u2019ex macello \u00e8 una struttura da riutilizzare in tempi molto rapidi, nessuna struttura pu\u00f2 essere lasciata al proprio destino. Per quanto riguarda la Casa Don Gnocchi, ricordo che alcuni anni fa, durante le festivit\u00e0 natalizie, mi impegnai con altri volontari alla realizzazione di un presepe vivente dove hanno partecipato tutti i ragazzi ospiti della casa. Facciamo in modo che l\u2019immobile venga riutilizzato e non abbandonato.<\/p>\n<p style=\"text-align: justify;\"><span style=\"text-decoration: underline;\">4. Cosa pensa lei e il suo partito in merito alle polemiche mosse da Barone (Noi ci Crediamo) e Mandar\u00e0 (Tutti x Santa Croce) sulla mancanza di democrazia e sul mancato coinvolgimento dei movimenti politici e delle associazioni per la stesura del bilancio di previsione del 2013?<\/span><\/p>\n<p style=\"text-align: justify;\">Incominciamo a vedere la stesura del bilancio e la sua approvazione come una grande risorsa ed opportunit\u00e0 per S. Croce. Sentire tante proposte \u00e8 anche una risorsa.<\/p>\n<p style=\"text-align: justify;\"><span style=\"text-decoration: underline;\">5. Gli assessori del PD in giunta (Aprile e Corallo) dall\u2019esterno (giudizio di tanti cittadini) danno l\u2019impressione che siano 2 corpi estranei nelle attivit\u00e0 dell\u2019azione amministrativa. E\u2019 il modus operandi del sindaco oppure sono altre le ragioni?<\/span><\/p>\n<p style=\"text-align: justify;\">Gli assessori sono nominati dal sindaco e ad essi conferisce deleghe per coadiuvarlo nella gestione comunale, per questo scopo essi devono lavorare anche perch\u00e9 percepiscono una indennit\u00e0. Agli assessori va data anche una certa autonomia per il raggiungimento degli obiettivi fissati nel programma del sindaco, questo comporta assunzione di responsabilit\u00e0 nei confronti dell\u2019amministrazione che rappresentano e dei cittadini.<\/p>\n<p style=\"text-align: justify;\"><span style=\"text-decoration: underline;\">6. Il consigliere Puglisi lamenta il fatto che sono state disattese le finalit\u00e0 e gli obiettivi portati avanti in campagna elettorale sulla \u201cMediale\u201d, sull\u2019Imu e su altri punti programmatici. Pertanto chiede le dimissioni del sindaco. Quali sono le sue considerazioni?<\/span><\/p>\n<p style=\"text-align: justify;\">Il consigliere Puglisi agisce in maniera incomprensibile, perch\u00e9 essendo stato eletto nella coalizione il Paese che vogliamo, subito dopo se ne distacca e intende affrontare problematiche importanti solo con proclami e atteggiamenti ostruttivi. I problemi vanno affrontati e risolti con impegno serio e consapevole.<\/p>\n<p style=\"text-align: justify;\"><span style=\"text-decoration: underline;\">7. Complessivamente che voto darebbe oggi dopo un anno all\u2019operato della giunta?<\/span><\/p>\n<p style=\"text-align: justify;\">Non sono un insegnante quindi non mi ritengo in grado di dare voti, ma mi piacerebbe vedere un bel confronto con i cittadini, le categorie produttive, etc.<\/p>\n<p style=\"text-align: justify;\"><span style=\"text-decoration: underline;\">8. Se si dovesse votare oggi il PD sarebbe ancora disposto ad appoggiare Franca Iurato?<\/span><\/p>\n<p style=\"text-align: justify;\">Il PD sceglie i propri candidati a sindaco o ricorrendo alle primarie o scelta democratica, una nuova candidatura seguirebbe lo stesso iter.<\/p>\n<p style=\"text-align: right;\"><strong>Redazione<\/strong><\/p>\n","protected":false},"excerpt":{"rendered":"<p>Il Partito Democratico, con il segretario cittadino Gaetano Farina, in un&#8217;intervista raccolta dalla redazione di Santa Croce Web parla dei rapporti con l&#8217;attuale sindaco e la sua giunta e delle polemiche emerse in questi giorni con l&#8217;attacco sferrato nei confronti dell&#8217;amministrazione comunale da alcuni movimenti politici locali. Ecco nei dettagli tutta l&#8217;intervista rilasciata alla nostra [&hellip;]<\/p>\n","protected":false},"author":34,"featured_media":3577,"comment_status":"open","ping_status":"open","sticky":false,"template":"","format":"standard","meta":{"footnotes":""},"categories":[1,4,11],"tags":[],"class_list":["post-3576","post","type-post","status-publish","format-standard","has-post-thumbnail","hentry","category-news","category-politica","category-primopiano"],"_links":{"self":[{"href":"https:\/\/www.santacroceweb.com\/index.php\/wp-json\/wp\/v2\/posts\/3576","targetHints":{"allow":["GET"]}}],"collection":[{"href":"https:\/\/www.santacroceweb.com\/index.php\/wp-json\/wp\/v2\/posts"}],"about":[{"href":"https:\/\/www.santacroceweb.com\/index.php\/wp-json\/wp\/v2\/types\/post"}],"author":[{"embeddable":true,"href":"https:\/\/www.santacroceweb.com\/index.php\/wp-json\/wp\/v2\/users\/34"}],"replies":[{"embeddable":true,"href":"https:\/\/www.santacroceweb.com\/index.php\/wp-json\/wp\/v2\/comments?post=3576"}],"version-history":[{"count":0,"href":"https:\/\/www.santacroceweb.com\/index.php\/wp-json\/wp\/v2\/posts\/3576\/revisions"}],"wp:featuredmedia":[{"embeddable":true,"href":"https:\/\/www.santacroceweb.com\/index.php\/wp-json\/wp\/v2\/media\/3577"}],"wp:attachment":[{"href":"https:\/\/www.santacroceweb.com\/index.php\/wp-json\/wp\/v2\/media?parent=3576"}],"wp:term":[{"taxonomy":"category","embeddable":true,"href":"https:\/\/www.santacroceweb.com\/index.php\/wp-json\/wp\/v2\/categories?post=3576"},{"taxonomy":"post_tag","embeddable":true,"href":"https:\/\/www.santacroceweb.com\/index.php\/wp-json\/wp\/v2\/tags?post=3576"}],"curies":[{"name":"wp","href":"https:\/\/api.w.org\/{rel}","templated":true}]}}