{"id":36051,"date":"2016-02-19T16:59:48","date_gmt":"2016-02-19T15:59:48","guid":{"rendered":"http:\/\/www.santacroceweb.com\/giornale1\/?p=36051"},"modified":"2016-02-19T16:59:48","modified_gmt":"2016-02-19T15:59:48","slug":"avs-modifiche-allo-statuto-il-21-febbraio-ce-unassemblea-straordinaria","status":"publish","type":"post","link":"https:\/\/www.santacroceweb.com\/index.php\/2016\/02\/19\/avs-modifiche-allo-statuto-il-21-febbraio-ce-unassemblea-straordinaria\/","title":{"rendered":"Avs, modifiche allo statuto: il 21 febbraio c&#8217;\u00e8 un&#8217;assemblea straordinaria"},"content":{"rendered":"<p style=\"text-align: justify;\">E\u2019 prevista per domenica 21 febbraio, presso la Biblioteca comunale di Santa Croce Camerina, l&#8217;assemblea straordinaria e ordinaria dei soci AVS. L\u2019inizio dei lavori \u00e8 fissato alle ore 9, con un unico punto all\u2019ordine del giorno: modifiche statutarie. \u201cL&#8217;Associazione Volontari del Soccorso nasce nel lontano 1988 e ad oggi si \u00e8 ritenuto necessario aggiornare alcuni articoli dello statuto associativo &#8211; afferma il presidente, Saro Sallemi &#8211; dopo un anno di accurato studio da parte di una commissione costituita a tale scopo. A seguire, il consueto appuntamento annuale con l&#8217;assemblea ordinaria dei soci, un momento importante per la vita associativa della nostra pubblica assistenza, dove saranno esposti la relazione del presidente del consiglio direttivo, il bilancio consuntivo 2015 e preventivo 2016\u201d. A conclusione dei lavori assembleari sar\u00e0 inaugurato un pulmino attrezzato appositamente per il trasporto disabili, recentemente acquistato dall&#8217;AVS con il contributo dei cittadini di Santa Croce ed il sostegno di due sponsor. &#8220;In una comunit\u00e0 piccola come la nostra il volontariato deve, ancor di pi\u00f9, venire incontro a quei cittadini in difficolt\u00e0 e, a volte, basta davvero poco per non farli sentire esclusi&#8221; ha concluso Sallemi.<\/p>\n","protected":false},"excerpt":{"rendered":"<p>E\u2019 prevista per domenica 21 febbraio, presso la Biblioteca comunale di Santa Croce Camerina, l&#8217;assemblea straordinaria e ordinaria dei soci AVS. L\u2019inizio dei lavori \u00e8 fissato alle ore 9, con un unico punto all\u2019ordine del giorno: modifiche statutarie. \u201cL&#8217;Associazione Volontari del Soccorso nasce nel lontano 1988 e ad oggi si \u00e8 ritenuto necessario aggiornare alcuni [&hellip;]<\/p>\n","protected":false},"author":4,"featured_media":36077,"comment_status":"open","ping_status":"open","sticky":false,"template":"","format":"standard","meta":{"footnotes":""},"categories":[8],"tags":[],"class_list":["post-36051","post","type-post","status-publish","format-standard","has-post-thumbnail","hentry","category-attualita"],"_links":{"self":[{"href":"https:\/\/www.santacroceweb.com\/index.php\/wp-json\/wp\/v2\/posts\/36051","targetHints":{"allow":["GET"]}}],"collection":[{"href":"https:\/\/www.santacroceweb.com\/index.php\/wp-json\/wp\/v2\/posts"}],"about":[{"href":"https:\/\/www.santacroceweb.com\/index.php\/wp-json\/wp\/v2\/types\/post"}],"author":[{"embeddable":true,"href":"https:\/\/www.santacroceweb.com\/index.php\/wp-json\/wp\/v2\/users\/4"}],"replies":[{"embeddable":true,"href":"https:\/\/www.santacroceweb.com\/index.php\/wp-json\/wp\/v2\/comments?post=36051"}],"version-history":[{"count":0,"href":"https:\/\/www.santacroceweb.com\/index.php\/wp-json\/wp\/v2\/posts\/36051\/revisions"}],"wp:featuredmedia":[{"embeddable":true,"href":"https:\/\/www.santacroceweb.com\/index.php\/wp-json\/wp\/v2\/media\/36077"}],"wp:attachment":[{"href":"https:\/\/www.santacroceweb.com\/index.php\/wp-json\/wp\/v2\/media?parent=36051"}],"wp:term":[{"taxonomy":"category","embeddable":true,"href":"https:\/\/www.santacroceweb.com\/index.php\/wp-json\/wp\/v2\/categories?post=36051"},{"taxonomy":"post_tag","embeddable":true,"href":"https:\/\/www.santacroceweb.com\/index.php\/wp-json\/wp\/v2\/tags?post=36051"}],"curies":[{"name":"wp","href":"https:\/\/api.w.org\/{rel}","templated":true}]}}