{"id":36147,"date":"2016-02-22T09:50:55","date_gmt":"2016-02-22T08:50:55","guid":{"rendered":"http:\/\/www.santacroceweb.com\/giornale1\/?p=36147"},"modified":"2016-02-22T09:50:55","modified_gmt":"2016-02-22T08:50:55","slug":"lavs-inaugura-il-nuovo-mezzo-di-trasporto-per-disabili-grazie-ai-cittadini","status":"publish","type":"post","link":"https:\/\/www.santacroceweb.com\/index.php\/2016\/02\/22\/lavs-inaugura-il-nuovo-mezzo-di-trasporto-per-disabili-grazie-ai-cittadini\/","title":{"rendered":"L&#8217;Avs inaugura il nuovo mezzo di trasporto per disabili: &#8220;Grazie ai cittadini&#8221;"},"content":{"rendered":"<p style=\"text-align: justify;\">Si \u00e8 svolta domenica 21 febbraio, presso la biblioteca comunale di Santa Croce Camerina, l&#8217;assemblea dei soci AVS. All&#8217;interno di essa non solo si \u00e8 illustrata l&#8217;attivit\u00e0 dell&#8217;associazione per l&#8217;anno 2015 e discusso sulle modifiche statutarie, ma alla fine dei lavori si \u00e8 proceduto alla inaugurazione del nuovo mezzo di trasporto per disabili. Quest&#8217;ultimo traguardo \u00e8 indubbiamente un&#8217;iniziativa di ampio spessore che permette alla comunit\u00e0 santacrocese di avere uno strumento utilissimo per aiutare i disabili, anche perch\u00e9 il tutto \u00e8 stato possibile grazie al supporto di due importanti sponsor, Energy Point e Gruppo Inventa, nonch\u00e9 della generosit\u00e0 dei cittadini di Santa Croce che hanno donato le offerte ricavate in occasione del decesso dei propri cari per questa buona causa. &#8220;Mi sembra doveroso ricordare che ricopro la carica di presidente pro-tempore di questa associazione solo dal 14 dicembre 2015 &#8211; ha dichiarato Saro Sallemi -. Qui, come in una grande famiglia, si condividono gioie e dolori, sconfitte e successi, ma con un denominatore comune, la voglia di fare. I volontari AVS non sono dilettanti, bens\u00ec formati ognuno nel settore pi\u00f9 affine alla sua personalit\u00e0, dal settore sanitario alla logistica, dal montaggio tende alla gestione radio comunicazioni, passando per le attivit\u00e0 di segreteria. L&#8217;obiettivo raggiunto oggi \u00e8 per noi un grande motivo di gioia e di orgoglio&#8221;. La benedizione del nuovo pulmino per disabili, ad opera di Padre Flavio, si \u00e8 tenuta proprio davanti all&#8217;ingresso della biblioteca, supportata da un folto gruppo di persone che hanno applaudito la bellissima iniziativa. E\u2019 intervenuto all\u2019assemblea anche Gaetano Pernice, presidente del Coordinamento Associazioni Volontariato Ibleo, di cui l&#8217;AVS \u00e8 stata una delle principali fondatrici sin dal momento della costituzione: &#8220;Con questa inaugurazione si dimostra che l&#8217;associazione si adegua alle necessit\u00e0 del territorio, prima c&#8217;era necessit\u00e0 di un&#8217;ambulanza adesso vi \u00e8 l&#8217;esigenza di aiutare chi ha difficolt\u00e0 motorie. Finalmente abbiamo raggiunto questo traguardo, un mezzo che pu\u00f2 contenere fino a tre carrozzine e con sedili che possono essere smontati e rimontati a seconda del bisogno. Questo \u00e8 il primo mezzo che il territorio comunale riesce ad avere per il trasporto disabili e acquistato con fondi privati. La giornata di oggi vuole dimostrare che chi d\u00e0 fiducia all&#8217;associazione, dando anche un piccolo contributo, non importa quanto poich\u00e9 \u00e8 importante il gesto, \u00e8 uno stimolo in pi\u00f9 per continuare a sostegno e supporto della cittadinanza. Attualmente stiamo collaborando con delle associazioni, fra cui il Sorriso, e c&#8217;\u00e8 la prospettiva di siglare delle convenzioni con altre associazioni che si occupano di disabilit\u00e0 per poter essere di supporto e poter creare una rete di volontariato nel sociale&#8221;. Una giornata da ricordare ed un plauso a tutti i volontari.<\/p>\n<div id='gallery-1' class='gallery galleryid-36147 gallery-columns-3 gallery-size-thumbnail'><figure class='gallery-item'>\n\t\t\t<div class='gallery-icon landscape'>\n\t\t\t\t<a href='https:\/\/www.santacroceweb.com\/index.php\/2016\/02\/22\/lavs-inaugura-il-nuovo-mezzo-di-trasporto-per-disabili-grazie-ai-cittadini\/img_2222\/'><img decoding=\"async\" width=\"150\" height=\"150\" src=\"https:\/\/www.santacroceweb.com\/giornale1\/wp-content\/uploads\/2016\/02\/IMG_2222.jpg\" class=\"attachment-thumbnail size-thumbnail jl-lazyload lazyload\" alt=\"\" data-src=\"https:\/\/www.santacroceweb.com\/giornale1\/wp-content\/uploads\/2016\/02\/IMG_2222-150x150.jpg\" \/><\/a>\n\t\t\t<\/div><\/figure><figure class='gallery-item'>\n\t\t\t<div class='gallery-icon landscape'>\n\t\t\t\t<a href='https:\/\/www.santacroceweb.com\/index.php\/2016\/02\/22\/lavs-inaugura-il-nuovo-mezzo-di-trasporto-per-disabili-grazie-ai-cittadini\/img_1590\/'><img decoding=\"async\" width=\"150\" height=\"150\" src=\"https:\/\/www.santacroceweb.com\/giornale1\/wp-content\/uploads\/2016\/02\/IMG_1590.jpg\" class=\"attachment-thumbnail size-thumbnail jl-lazyload lazyload\" alt=\"\" data-src=\"https:\/\/www.santacroceweb.com\/giornale1\/wp-content\/uploads\/2016\/02\/IMG_1590-150x150.jpg\" \/><\/a>\n\t\t\t<\/div><\/figure><figure class='gallery-item'>\n\t\t\t<div class='gallery-icon landscape'>\n\t\t\t\t<a href='https:\/\/www.santacroceweb.com\/index.php\/2016\/02\/22\/lavs-inaugura-il-nuovo-mezzo-di-trasporto-per-disabili-grazie-ai-cittadini\/img_1593\/'><img decoding=\"async\" width=\"150\" height=\"150\" src=\"https:\/\/www.santacroceweb.com\/giornale1\/wp-content\/uploads\/2016\/02\/IMG_1593.jpg\" class=\"attachment-thumbnail size-thumbnail jl-lazyload lazyload\" alt=\"\" data-src=\"https:\/\/www.santacroceweb.com\/giornale1\/wp-content\/uploads\/2016\/02\/IMG_1593-150x150.jpg\" \/><\/a>\n\t\t\t<\/div><\/figure><figure class='gallery-item'>\n\t\t\t<div class='gallery-icon landscape'>\n\t\t\t\t<a href='https:\/\/www.santacroceweb.com\/index.php\/2016\/02\/22\/lavs-inaugura-il-nuovo-mezzo-di-trasporto-per-disabili-grazie-ai-cittadini\/img_1597\/'><img loading=\"lazy\" decoding=\"async\" width=\"150\" height=\"150\" src=\"https:\/\/www.santacroceweb.com\/giornale1\/wp-content\/uploads\/2016\/02\/IMG_1597.jpg\" class=\"attachment-thumbnail size-thumbnail jl-lazyload lazyload\" alt=\"\" data-src=\"https:\/\/www.santacroceweb.com\/giornale1\/wp-content\/uploads\/2016\/02\/IMG_1597-150x150.jpg\" \/><\/a>\n\t\t\t<\/div><\/figure><figure class='gallery-item'>\n\t\t\t<div class='gallery-icon landscape'>\n\t\t\t\t<a href='https:\/\/www.santacroceweb.com\/index.php\/2016\/02\/22\/lavs-inaugura-il-nuovo-mezzo-di-trasporto-per-disabili-grazie-ai-cittadini\/img_2218-2\/'><img loading=\"lazy\" decoding=\"async\" width=\"150\" height=\"150\" src=\"https:\/\/www.santacroceweb.com\/giornale1\/wp-content\/uploads\/2016\/02\/IMG_2218.jpg\" class=\"attachment-thumbnail size-thumbnail jl-lazyload lazyload\" alt=\"\" data-src=\"https:\/\/www.santacroceweb.com\/giornale1\/wp-content\/uploads\/2016\/02\/IMG_2218-150x150.jpg\" \/><\/a>\n\t\t\t<\/div><\/figure><figure class='gallery-item'>\n\t\t\t<div class='gallery-icon landscape'>\n\t\t\t\t<a href='https:\/\/www.santacroceweb.com\/index.php\/2016\/02\/22\/lavs-inaugura-il-nuovo-mezzo-di-trasporto-per-disabili-grazie-ai-cittadini\/img_2219\/'><img loading=\"lazy\" decoding=\"async\" width=\"150\" height=\"150\" src=\"https:\/\/www.santacroceweb.com\/giornale1\/wp-content\/uploads\/2016\/02\/IMG_2219.jpg\" class=\"attachment-thumbnail size-thumbnail jl-lazyload lazyload\" alt=\"\" data-src=\"https:\/\/www.santacroceweb.com\/giornale1\/wp-content\/uploads\/2016\/02\/IMG_2219-150x150.jpg\" \/><\/a>\n\t\t\t<\/div><\/figure><figure class='gallery-item'>\n\t\t\t<div class='gallery-icon landscape'>\n\t\t\t\t<a href='https:\/\/www.santacroceweb.com\/index.php\/2016\/02\/22\/lavs-inaugura-il-nuovo-mezzo-di-trasporto-per-disabili-grazie-ai-cittadini\/3-60\/'><img loading=\"lazy\" decoding=\"async\" width=\"150\" height=\"150\" src=\"https:\/\/www.santacroceweb.com\/giornale1\/wp-content\/uploads\/2016\/02\/3.jpg\" class=\"attachment-thumbnail size-thumbnail jl-lazyload lazyload\" alt=\"\" data-src=\"https:\/\/www.santacroceweb.com\/giornale1\/wp-content\/uploads\/2016\/02\/3-150x150.jpg\" \/><\/a>\n\t\t\t<\/div><\/figure><figure class='gallery-item'>\n\t\t\t<div class='gallery-icon landscape'>\n\t\t\t\t<a href='https:\/\/www.santacroceweb.com\/index.php\/2016\/02\/22\/lavs-inaugura-il-nuovo-mezzo-di-trasporto-per-disabili-grazie-ai-cittadini\/2-84\/'><img loading=\"lazy\" decoding=\"async\" width=\"150\" height=\"150\" src=\"https:\/\/www.santacroceweb.com\/giornale1\/wp-content\/uploads\/2016\/02\/21.jpg\" class=\"attachment-thumbnail size-thumbnail jl-lazyload lazyload\" alt=\"\" data-src=\"https:\/\/www.santacroceweb.com\/giornale1\/wp-content\/uploads\/2016\/02\/21-150x150.jpg\" \/><\/a>\n\t\t\t<\/div><\/figure><figure class='gallery-item'>\n\t\t\t<div class='gallery-icon landscape'>\n\t\t\t\t<a href='https:\/\/www.santacroceweb.com\/index.php\/2016\/02\/22\/lavs-inaugura-il-nuovo-mezzo-di-trasporto-per-disabili-grazie-ai-cittadini\/1-108\/'><img loading=\"lazy\" decoding=\"async\" width=\"150\" height=\"150\" src=\"https:\/\/www.santacroceweb.com\/giornale1\/wp-content\/uploads\/2016\/02\/11.jpg\" class=\"attachment-thumbnail size-thumbnail jl-lazyload lazyload\" alt=\"\" data-src=\"https:\/\/www.santacroceweb.com\/giornale1\/wp-content\/uploads\/2016\/02\/11-150x150.jpg\" \/><\/a>\n\t\t\t<\/div><\/figure>\n\t\t<\/div>\n\n","protected":false},"excerpt":{"rendered":"<p>Si \u00e8 svolta domenica 21 febbraio, presso la biblioteca comunale di Santa Croce Camerina, l&#8217;assemblea dei soci AVS. All&#8217;interno di essa non solo si \u00e8 illustrata l&#8217;attivit\u00e0 dell&#8217;associazione per l&#8217;anno 2015 e discusso sulle modifiche statutarie, ma alla fine dei lavori si \u00e8 proceduto alla inaugurazione del nuovo mezzo di trasporto per disabili. Quest&#8217;ultimo traguardo [&hellip;]<\/p>\n","protected":false},"author":4,"featured_media":36160,"comment_status":"open","ping_status":"open","sticky":false,"template":"","format":"gallery","meta":{"footnotes":""},"categories":[8],"tags":[],"class_list":["post-36147","post","type-post","status-publish","format-gallery","has-post-thumbnail","hentry","category-attualita","post_format-post-format-gallery"],"_links":{"self":[{"href":"https:\/\/www.santacroceweb.com\/index.php\/wp-json\/wp\/v2\/posts\/36147","targetHints":{"allow":["GET"]}}],"collection":[{"href":"https:\/\/www.santacroceweb.com\/index.php\/wp-json\/wp\/v2\/posts"}],"about":[{"href":"https:\/\/www.santacroceweb.com\/index.php\/wp-json\/wp\/v2\/types\/post"}],"author":[{"embeddable":true,"href":"https:\/\/www.santacroceweb.com\/index.php\/wp-json\/wp\/v2\/users\/4"}],"replies":[{"embeddable":true,"href":"https:\/\/www.santacroceweb.com\/index.php\/wp-json\/wp\/v2\/comments?post=36147"}],"version-history":[{"count":0,"href":"https:\/\/www.santacroceweb.com\/index.php\/wp-json\/wp\/v2\/posts\/36147\/revisions"}],"wp:featuredmedia":[{"embeddable":true,"href":"https:\/\/www.santacroceweb.com\/index.php\/wp-json\/wp\/v2\/media\/36160"}],"wp:attachment":[{"href":"https:\/\/www.santacroceweb.com\/index.php\/wp-json\/wp\/v2\/media?parent=36147"}],"wp:term":[{"taxonomy":"category","embeddable":true,"href":"https:\/\/www.santacroceweb.com\/index.php\/wp-json\/wp\/v2\/categories?post=36147"},{"taxonomy":"post_tag","embeddable":true,"href":"https:\/\/www.santacroceweb.com\/index.php\/wp-json\/wp\/v2\/tags?post=36147"}],"curies":[{"name":"wp","href":"https:\/\/api.w.org\/{rel}","templated":true}]}}