{"id":36215,"date":"2016-02-28T12:04:48","date_gmt":"2016-02-28T11:04:48","guid":{"rendered":"http:\/\/www.santacroceweb.com\/giornale1\/?p=36215"},"modified":"2016-02-28T12:04:48","modified_gmt":"2016-02-28T11:04:48","slug":"stadio-kennedy-completati-i-lavori-arriva-il-nulla-osta-per-lagibilita","status":"publish","type":"post","link":"https:\/\/www.santacroceweb.com\/index.php\/2016\/02\/28\/stadio-kennedy-completati-i-lavori-arriva-il-nulla-osta-per-lagibilita\/","title":{"rendered":"Stadio Kennedy, completati i lavori: arriva il nulla-osta per l&#8217;agibilit\u00e0"},"content":{"rendered":"<p style=\"text-align: justify;\">Dopo la gara a porte chiuse disputata contro il Licata, \u00e8 finalmente arrivata l&#8217;agibilit\u00e0 per lo stadio Kennedy. Il Santa Croce calcio, da questo momento, potr\u00e0 ospitare senza alcuna limitazione le gare interne. Sono stati completati i lavori di adeguamento degli spogliatoi.<\/p>\n<p style=\"text-align: justify;\">Ecco la comunicazione del sindaco Franca Iurato: &#8220;Comunico che in data 26\/02\/2016 \u00e8 stata rilasciata l\u2019agibilit\u00e0 definiva dell\u2019impianto sportivo\u00a0denominato \u201ccampo di calcio\u201d J.F. Kennedy in c.da Santa Rosalia, per numero di spettatori\u00a0complessivo pari a n\u00b0 450, cos\u00ec definito:<br \/>\n-Settore locali n\u00b0 264: di cui 118 nella tribuna in calcestruzzo e n\u00b0 146 nella tribuna\u00a0modulare; nonch\u00e9 10 portatori di handicap;<br \/>\n-Settore ospiti n\u00b0 166 nella tribuna modulare; nonch\u00e9 n\u00b0 10 portatori di handicap.<\/p>\n<p style=\"text-align: justify;\">La mia soddisfazione \u00e8 grande: il campo di calcio J.F. Kennedy, per la prima volta, ha\u00a0ottenuto l\u2019agibilit\u00e0 definitiva, essendo stati eseguiti i lavori necessari previsti dalla normativa\u00a0vigente e prescritti degli organismi preposti.\u00a0Il parere favorevole nella seduta del 26 febbraio della Commissione Comunale di\u00a0Vigilanza Pubblici Spettacoli, presieduta dall\u2019assessore Domenico Aprile, da me delegato, \u00e8\u00a0certamente frutto dell\u2019impegno dell\u2019Amministrazione Comunale che ha finanziato i lavori per\u00a0rendere la struttura dell\u2019Ente agibile in via definitiva.\u00a0Questo traguardo, frutto dell\u2019impegno anche economico dell\u2019 amministrazione comunale \u00e8\u00a0un investimento che dedico a tutti gli sportivi: praticanti e spettatori&#8221;.<\/p>\n","protected":false},"excerpt":{"rendered":"<p>Dopo la gara a porte chiuse disputata contro il Licata, \u00e8 finalmente arrivata l&#8217;agibilit\u00e0 per lo stadio Kennedy. Il Santa Croce calcio, da questo momento, potr\u00e0 ospitare senza alcuna limitazione le gare interne. Sono stati completati i lavori di adeguamento degli spogliatoi. Ecco la comunicazione del sindaco Franca Iurato: &#8220;Comunico che in data 26\/02\/2016 \u00e8 [&hellip;]<\/p>\n","protected":false},"author":34,"featured_media":20629,"comment_status":"open","ping_status":"open","sticky":false,"template":"","format":"standard","meta":{"footnotes":""},"categories":[4],"tags":[],"class_list":["post-36215","post","type-post","status-publish","format-standard","has-post-thumbnail","hentry","category-politica"],"_links":{"self":[{"href":"https:\/\/www.santacroceweb.com\/index.php\/wp-json\/wp\/v2\/posts\/36215","targetHints":{"allow":["GET"]}}],"collection":[{"href":"https:\/\/www.santacroceweb.com\/index.php\/wp-json\/wp\/v2\/posts"}],"about":[{"href":"https:\/\/www.santacroceweb.com\/index.php\/wp-json\/wp\/v2\/types\/post"}],"author":[{"embeddable":true,"href":"https:\/\/www.santacroceweb.com\/index.php\/wp-json\/wp\/v2\/users\/34"}],"replies":[{"embeddable":true,"href":"https:\/\/www.santacroceweb.com\/index.php\/wp-json\/wp\/v2\/comments?post=36215"}],"version-history":[{"count":0,"href":"https:\/\/www.santacroceweb.com\/index.php\/wp-json\/wp\/v2\/posts\/36215\/revisions"}],"wp:featuredmedia":[{"embeddable":true,"href":"https:\/\/www.santacroceweb.com\/index.php\/wp-json\/wp\/v2\/media\/20629"}],"wp:attachment":[{"href":"https:\/\/www.santacroceweb.com\/index.php\/wp-json\/wp\/v2\/media?parent=36215"}],"wp:term":[{"taxonomy":"category","embeddable":true,"href":"https:\/\/www.santacroceweb.com\/index.php\/wp-json\/wp\/v2\/categories?post=36215"},{"taxonomy":"post_tag","embeddable":true,"href":"https:\/\/www.santacroceweb.com\/index.php\/wp-json\/wp\/v2\/tags?post=36215"}],"curies":[{"name":"wp","href":"https:\/\/api.w.org\/{rel}","templated":true}]}}