{"id":36815,"date":"2016-03-20T11:15:04","date_gmt":"2016-03-20T10:15:04","guid":{"rendered":"http:\/\/www.santacroceweb.com\/giornale1\/?p=36815"},"modified":"2016-03-20T12:22:01","modified_gmt":"2016-03-20T11:22:01","slug":"gli-appuntamenti-della-settimana-santa-oggi-benedizione-della-palme","status":"publish","type":"post","link":"https:\/\/www.santacroceweb.com\/index.php\/2016\/03\/20\/gli-appuntamenti-della-settimana-santa-oggi-benedizione-della-palme\/","title":{"rendered":"Gli appuntamenti della Settimana Santa: oggi benedizione della palme"},"content":{"rendered":"<p style=\"text-align: justify;\">Oggi domenica 20 marzo iniziano i sette giorni che precedono la Pasqua, la cosiddetta &#8220;Settimana Santa&#8221;. A Santa Croce gi\u00e0 ieri sera, con la prima benedizione delle Palme e degli ulivi e la Celebrazione eucaristica, si \u00e8 dato il via ai sacri riti, oggi si ripeter\u00e0 la stessa cosa in particolare alle ore 10.30, quando molti santacrocesi si ritroveranno assieme per la benedizione delle palme in viale della Repubblica, dove seguir\u00e0 il corteo processionale dall&#8217;oratorio &#8220;Mons. V. Diquattro &#8221; alla Chiesa Madre ove avverr\u00e0 quindi la celebrazione eucaristica, con la lettura della &#8220;Passio Domini&#8221;. Molto partecipata solitamente anche la solenne celebrazione eucaristica del gioved\u00ec sera, che inizier\u00e0 alle 19, con cui\u00a0si inizia il sacro triduo pasquale: durante la Messa, verranno lavati i piedi a dodici uomini rappresentanti gli apostoli, scelti &#8211; come avviene gi\u00e0 da diversi anni &#8211; tra i padri dei ragazzini frequentanti il terzo\u00a0anno di catechismo, cio\u00e8 coloro che riceveranno per la prima volta la Comunione nel mese di maggio. A seguire l&#8217;esposizione del SS. Sacramento e la veglia comunitaria alle 22:30.\u00a0Ma \u00e8 il venerd\u00ec Santo (quest&#8217;anno il 24 marzo) ad avere un forte numero di presenze di fedeli in occasione della funzione liturgica in ricordo della Passione di Cristo, con l&#8217;adorazione solenne alla Croce, che inizier\u00e0 alle ore 17:30 e la processione cittadina a seguito, accompagnata dalle marce funebri curate dal corpo bandistico &#8220;Amici della Musica&#8221;.<\/p>\n<p style=\"text-align: justify;\">&#8220;Il corteo da quest&#8217;anno in poi avverr\u00e0 con unico itinerario &#8211; spiega il Parroco don Angelo Strada &#8211; difatti non si svolgeranno gli incontri tra la statua della Madonna Addolorata e il Cristo all&#8217;urna, poich\u00e9 si \u00e8 riscontrato negli ultimi anni che i vari momenti creassero, comunque, distrazione da parte della gente portando all&#8217;interruzione di preghiere, vuoi del Rosario vuoi della meditazione di alcuni brani o nell&#8217;esecuzione di canti. Ma sopratutto c&#8217;\u00e8 da dire che sono stati annullati questi incontri per il semplice fatto che, seguendo una logica biblica, non avrebbe senso che la Madonna addolorata facesse avanti e indietro alla ricerca del figlio gi\u00e0 deposto dalla croce, o si separasse da esso, lei che sempre lo ha seguito nei vari momenti; potrebbe essere successo semmai quando il Cristo percorreva il cammino verso il Golgota, quindi quando ancora era vivo. Ma ecco, risulta vana questa usanza che si \u00e8 svolta in questi decenni, essendo il nostro simulacro di Cristo, l&#8217;effige del Signore gi\u00e0 deposto (quindi gi\u00e0 crocifisso). La processione infatti, essendo di venerd\u00ec sera, rappresenta simbolicamente quel voler accompagnare insieme alla Santa Madre, Ges\u00f9 al sepolcro&#8221;. Il sabato santo poi, in attesa della Pasqua, come ogni anno vi sar\u00e0 la Veglia comunitaria alle 22:30 che inizier\u00e0 con il rito del Lucernario in piazza Vitt. Emanuele e che si concluder\u00e0 alle 24 con l&#8217;inizio della celebrazione eucaristica pasquale. Di seguito l&#8217;itinerario della Processione del Venerd\u00ec Santo:\u00a0Piazza Vittorio Emanule &#8211; f.lli Martiri &#8211; Micca &#8211; Bagni- Marsala &#8211; Giardino &#8211; Diana &#8211; XXIV Maggio &#8211; Caucana &#8211; Amedeo &#8211; Alloro &#8211; M. Rapisardi &#8211; San Giacomo &#8211; Viale della Repubblica &#8211; Prati &#8211; Carmine- Trieste- Piazza degli Studi &#8211; Cirillo- Settembrini &#8211; Sant&#8217;Elena &#8211; Pisacane &#8211; Matteotti &#8211; Piazza Vittorio Emanuele &#8211; Chiesa Madre.<\/p>\n<p style=\"text-align: justify;\"><span style=\"color: #ff0000;\"><strong><em>Foto in alto di Gianni Giacchi<\/em><\/strong><\/span><\/p>\n","protected":false},"excerpt":{"rendered":"<p>Oggi domenica 20 marzo iniziano i sette giorni che precedono la Pasqua, la cosiddetta &#8220;Settimana Santa&#8221;. A Santa Croce gi\u00e0 ieri sera, con la prima benedizione delle Palme e degli ulivi e la Celebrazione eucaristica, si \u00e8 dato il via ai sacri riti, oggi si ripeter\u00e0 la stessa cosa in particolare alle ore 10.30, quando [&hellip;]<\/p>\n","protected":false},"author":27,"featured_media":36822,"comment_status":"open","ping_status":"open","sticky":false,"template":"","format":"standard","meta":{"footnotes":""},"categories":[6],"tags":[],"class_list":["post-36815","post","type-post","status-publish","format-standard","has-post-thumbnail","hentry","category-culturaespettacolo"],"_links":{"self":[{"href":"https:\/\/www.santacroceweb.com\/index.php\/wp-json\/wp\/v2\/posts\/36815","targetHints":{"allow":["GET"]}}],"collection":[{"href":"https:\/\/www.santacroceweb.com\/index.php\/wp-json\/wp\/v2\/posts"}],"about":[{"href":"https:\/\/www.santacroceweb.com\/index.php\/wp-json\/wp\/v2\/types\/post"}],"author":[{"embeddable":true,"href":"https:\/\/www.santacroceweb.com\/index.php\/wp-json\/wp\/v2\/users\/27"}],"replies":[{"embeddable":true,"href":"https:\/\/www.santacroceweb.com\/index.php\/wp-json\/wp\/v2\/comments?post=36815"}],"version-history":[{"count":0,"href":"https:\/\/www.santacroceweb.com\/index.php\/wp-json\/wp\/v2\/posts\/36815\/revisions"}],"wp:featuredmedia":[{"embeddable":true,"href":"https:\/\/www.santacroceweb.com\/index.php\/wp-json\/wp\/v2\/media\/36822"}],"wp:attachment":[{"href":"https:\/\/www.santacroceweb.com\/index.php\/wp-json\/wp\/v2\/media?parent=36815"}],"wp:term":[{"taxonomy":"category","embeddable":true,"href":"https:\/\/www.santacroceweb.com\/index.php\/wp-json\/wp\/v2\/categories?post=36815"},{"taxonomy":"post_tag","embeddable":true,"href":"https:\/\/www.santacroceweb.com\/index.php\/wp-json\/wp\/v2\/tags?post=36815"}],"curies":[{"name":"wp","href":"https:\/\/api.w.org\/{rel}","templated":true}]}}