{"id":3683,"date":"2013-04-17T09:08:16","date_gmt":"2013-04-17T07:08:16","guid":{"rendered":"http:\/\/www.santacroceweb.com\/giornale1\/?p=3683"},"modified":"2013-04-17T09:08:16","modified_gmt":"2013-04-17T07:08:16","slug":"enti-locali-e-la-politica-di-coesione-2014-2020-anche-luca-agnello-alle-lezioni-di-passera-e-violante","status":"publish","type":"post","link":"https:\/\/www.santacroceweb.com\/index.php\/2013\/04\/17\/enti-locali-e-la-politica-di-coesione-2014-2020-anche-luca-agnello-alle-lezioni-di-passera-e-violante\/","title":{"rendered":"&#8216;Enti locali e la politica di coesione 2014-2020&#8217;: anche Luca Agnello alle lezioni di Passera e Violante"},"content":{"rendered":"<p style=\"text-align: justify;\">\u201cEsperienza formativa meravigliosa, positiva, stimolante e propositiva\u201d cos\u00ec si \u00e8 espresso Luca Agnello, consigliere comunale d\u2019opposizione di Santa Croce Camerina, in merito ad un seminario di 3 giorni tenutosi a Palermo a cui hanno partecipato 90 giovani amministratori, under 35, provenienti da tutta Italia. L\u2019iniziativa, intitolata a Piersanti Mattarella, \u00e8 stata organizzata da Italia Decide e dalla Presidenza dell\u2019Assemblea Regionale Siciliana, in collaborazione con Anci Giovani. I selezionati per la provincia di Ragusa sono stati Luca Agnello e Cristina Terlato (consigliere comunale di Chiaramonte Gulfi). \u201cEnti locali e la politica di coesione 2014-2020&#8243;, questo il tema delle lectiones magistralis tenute a palazzo d\u2019 Ercole, sede all\u2019ARS regionale, da relatori d\u2019eccezione: il Pres. dell\u2019 ARS Giovanni Ardizzone; Luciano Violante, presidente di Italia Decide; i Ministri Barca (Ministro per la coesione territoriale) e Passera (Ministro sviluppo economico). Ardizzone ha cos\u00ec dato l\u2019input all\u2019incontro: \u201cSi avvia la quarta edizione di questo corso dedicato a Piersanti Mattarella, un uomo illustre della nostra Sicilia e un modello. Colpisce la presenza di tanti amministratori, che da settanta partecipanti sono passati a 90, di cui 50 siciliani. Se giovani amministratori, sindaci di comuni piccoli e grandi, decidono di studiare per tre giorni e approfondire sistemi di come attingere ad esempio ai fondi comunitari \u00e8 un fato positivo, non dobbiamo mai smettere di studiare&#8221;. Anche Luciano Violante, da uomo politico consolidato, ha voluto portare la propria testimonianza come fonte di arricchimento per i giovani amministratori: \u201cIl pensiero politico quando serve non spacca le generazioni, ma le unisce. Il riconoscimento morale del merito \u00e9 pi\u00f9 importante di qualsiasi altro riconoscimento. Una classe dirigente efficiente deve saper persuadere; per poter persuadere bisogna avere competenza, conoscenza, credibilit\u00e0\u201d. Il ministro Barca, invece, ha posto l\u2019accento su quello che non rappresenta un vero spirito politico: \u201cLe classi dirigenti locali molto spesso non hanno voglia di cambiare. La trappola del sottosviluppo \u00e8 dovuta anche a loro. Le \u00e9lite temono il cambiamento e per questo vogliono mantenere la fetta di torta del mercato che gi\u00e0 hanno\u201d. Luca Agnello, da questa esperienza ha tratto alcune conseguenze importanti: \u201cLa politica della coesione e dei fondi europei \u00e8 l&#8217;unica, fondamentale, via d&#8217;uscita per risollevare gli enti locali. I comuni, i cui bilanci non permettono di sviluppare progetti futuribili, credibili e di ampio respiro, spesso avvertono difficolt\u00e0 a realizzare progetti europei ed accederne ai fondi, soprattutto per la mancanza di competenze professionali interne; basti pensare che siamo terzi in Europa per richieste respinte per irregolarit\u00e0 (4,2%) e primi per frodi accertate (38% delle richieste respinte). Per questo bisogna lavorare sinergicamente \u00a0per poter investire oggi sul futuro di domani migliorando soprattutto l\u2019empatia individuale del cittadino nei confronti dei finanziamenti comunitari. Il confronto con le esperienze di tanti giovani amministratori di tutta Italia ha inoltre confermato il mio pensiero che l\u2019assunzione di un ruolo istituzionale, anche senza preventiva preparazione, non certifica \u201cobstante carentia\u201d la propria professionalit\u00e0 e non garantisce l\u2019efficacia delle proprie azioni; ma \u00e8 invece una opportunit\u00e0 fondamentale per potersi direttamente confrontare responsabilmente (magari con un filo di sincera umilt\u00e0) con tante realt\u00e0 amministrative positive ed efficienti; cercando, anche attraverso le nuove possibilit\u00e0 che offre la rete, di trovare fuori dalle ristrette mura comunali le soluzioni ai nostri problemi sociali ed economici\u201d. In sintesi, un confronto fra i giovani politici che si stanno affacciano sullo scenario istituzionale e le \u2018vecchie glorie\u2019 che hanno dato e continuano a dare il loro contributo al Paese, per confrontarsi, trovare soluzioni e adottare strategie per migliorare, ciascuno, la propria realt\u00e0.<\/p>\n<p style=\"text-align: right;\"><strong>Antonella Galuppi<\/strong><\/p>\n","protected":false},"excerpt":{"rendered":"<p>\u201cEsperienza formativa meravigliosa, positiva, stimolante e propositiva\u201d cos\u00ec si \u00e8 espresso Luca Agnello, consigliere comunale d\u2019opposizione di Santa Croce Camerina, in merito ad un seminario di 3 giorni tenutosi a Palermo a cui hanno partecipato 90 giovani amministratori, under 35, provenienti da tutta Italia. L\u2019iniziativa, intitolata a Piersanti Mattarella, \u00e8 stata organizzata da Italia Decide [&hellip;]<\/p>\n","protected":false},"author":4,"featured_media":3684,"comment_status":"open","ping_status":"open","sticky":false,"template":"","format":"standard","meta":{"footnotes":""},"categories":[1,4],"tags":[],"class_list":["post-3683","post","type-post","status-publish","format-standard","has-post-thumbnail","hentry","category-news","category-politica"],"_links":{"self":[{"href":"https:\/\/www.santacroceweb.com\/index.php\/wp-json\/wp\/v2\/posts\/3683","targetHints":{"allow":["GET"]}}],"collection":[{"href":"https:\/\/www.santacroceweb.com\/index.php\/wp-json\/wp\/v2\/posts"}],"about":[{"href":"https:\/\/www.santacroceweb.com\/index.php\/wp-json\/wp\/v2\/types\/post"}],"author":[{"embeddable":true,"href":"https:\/\/www.santacroceweb.com\/index.php\/wp-json\/wp\/v2\/users\/4"}],"replies":[{"embeddable":true,"href":"https:\/\/www.santacroceweb.com\/index.php\/wp-json\/wp\/v2\/comments?post=3683"}],"version-history":[{"count":0,"href":"https:\/\/www.santacroceweb.com\/index.php\/wp-json\/wp\/v2\/posts\/3683\/revisions"}],"wp:featuredmedia":[{"embeddable":true,"href":"https:\/\/www.santacroceweb.com\/index.php\/wp-json\/wp\/v2\/media\/3684"}],"wp:attachment":[{"href":"https:\/\/www.santacroceweb.com\/index.php\/wp-json\/wp\/v2\/media?parent=3683"}],"wp:term":[{"taxonomy":"category","embeddable":true,"href":"https:\/\/www.santacroceweb.com\/index.php\/wp-json\/wp\/v2\/categories?post=3683"},{"taxonomy":"post_tag","embeddable":true,"href":"https:\/\/www.santacroceweb.com\/index.php\/wp-json\/wp\/v2\/tags?post=3683"}],"curies":[{"name":"wp","href":"https:\/\/api.w.org\/{rel}","templated":true}]}}