{"id":3723,"date":"2013-04-18T17:35:29","date_gmt":"2013-04-18T15:35:29","guid":{"rendered":"http:\/\/www.santacroceweb.com\/giornale1\/?p=3723"},"modified":"2013-04-18T17:47:12","modified_gmt":"2013-04-18T15:47:12","slug":"puglisi-mette-nel-mirino-pd-e-sindaco-farina-dova-tacere-lamministrazione-ormai-e-abusiva","status":"publish","type":"post","link":"https:\/\/www.santacroceweb.com\/index.php\/2013\/04\/18\/puglisi-mette-nel-mirino-pd-e-sindaco-farina-dova-tacere-lamministrazione-ormai-e-abusiva\/","title":{"rendered":"Puglisi mette nel mirino PD e sindaco: &#8220;Farina deve tacere, l&#8217;Amministrazione ormai \u00e8 abusiva&#8221;"},"content":{"rendered":"<p style=\"text-align: justify;\">Dal consigliere comunale Giovanni Puglisi, transitato in questi mesi dai gruppi di maggioranza a quelli di opposizione, riceviamo e pubblichiamo la replica al segretario del PD Gaetano Farina, che, in <strong><a href=\"https:\/\/www.santacroceweb.com\/giornale1\/index.php\/2013\/04\/12\/il-pd-evoca-il-confronto-fra-il-sindaco-e-le-altre-forze-politiche-poi-attacca-puglisi-lintervista-a-farina\/\">un\u2019intervista rilasciata la scorsa settimana a Santa Croce Web<\/a><\/strong>, ne aveva criticato i comportamenti. Ricordiamo per la cronaca che il consigliere Puglisi \u00e8 stato eletto nella lista del sindaco Franca Iurato, ma, subito dopo l\u2019insediamento della stessa, ne aveva preso le distanze non ritenendo l\u2019operato del sindaco coerente con quanto aveva promesso in campagna elettorale.<\/p>\n<p style=\"text-align: justify;\">&#8220;Vista l&#8217;intervista rilasciata in data 12 aprile scorso dal coordinatore (quasi in scadenza) del PD, dottor Farina, alla redazione di SANTA CROCE WEB, in cui fa considerazioni anche sul mio operato di consigliere comunale definito &#8220;incomprensibile&#8221; suggerendo che sarebbe opportuno che agissi &#8220;&#8230; con impegno serio e consapevole&#8221; piuttosto di &#8220;&#8230; affrontare problematiche importanti solo con proclami e atteggiamenti ostruttivi&#8221; mi corre l&#8217;obbligo di far rilevare &#8211; spiega il consigliere Puglisi &#8211; come, nel suo canto del cigno ed alla vigilia del rinnovo della carica di coordinatore cittadino del PD, il dottor Farina avrebbe fatto migliore scelta seguendo la strategia del silenzio e lasciando che le inadempienze amministrative fossero lasciate all&#8217;esclusiva (ir)responsabilit\u00e0 del Sindaco e della sua Giunta e non avessero l&#8217;avallo politico di un partito che \u00e8 allo sbando, se \u00e8 vero come \u00e8 vero che per primo denunzia una lontananza fra la politica e la cittadinanza e lo fa con i molteplici interventi in sede di rinnovo ed allargamento dell&#8217;ufficio di coordinamento in data 14 aprile u.s. quando viene auspicato fortemente &#8220;fra Amministrazione e partito&#8221; un interscambio di idee e di rinnovati obiettivi tutti volti a favore della cittadinanza&#8221;. Bene l&#8217;auspicio, che sottolinea il desiderio di ci\u00f2 che si vorrebbe ma non c&#8217;\u00e8, a maggior prova che finora l&#8217;Amministrazione \u00e8 andata per la sua via dimentica degli impegni assunti con gli elettori. Ed allora quale impegno serio e consapevole avrei dovuto assumere se denunziare quotidianamente le carenze amministrative appare un atteggiamento ostruttivo che affronta le problematiche solo con proclami? ln verit\u00e0 questa Amministrazione occupa ormai politicamente in modo abusivo il governo della citt\u00e0 e dovrebbe coerentemente prendere atto di avere perso il consenso di chi, come me, le piaccia o no, le ha fornito quella manciata di voti che, facendo la differenza, l&#8217;ha portata a Palazzo di Citt\u00e0. Avrebbe fatto meglio il dottor Farina a tenere la bocca chiusa, oltretutto, ormai solo per un po&#8217; (visto che non conosciamo neppure il timbro della sua voce). E questa tentata rete in zona Cesarini \u00e8 stato solo un autogol. Quanto al suo pensiero sul sindaco Iurato, appare illuminante la risposta resa all&#8217;intervistatore che gli chiedeva se il PD sarebbe ancora disposto ad appoggiarla per un&#8217;eventuale ricandidatura. Se \u00e8 vero che squadra che vince non si cambia, la risposta secca e chiara \u00e8 stata di tutt&#8217;altra direzione: IL PD SCEGLIE I SUOI CANDIDATI A SINDACO RICORRENDO ALLE PRIMARIE (sarebbe una scelta democratica per chiudere questa parentesi da dimenticare?)&#8221;.<\/p>\n<p style=\"text-align: right;\"><strong>Redazione<\/strong><\/p>\n","protected":false},"excerpt":{"rendered":"<p>Dal consigliere comunale Giovanni Puglisi, transitato in questi mesi dai gruppi di maggioranza a quelli di opposizione, riceviamo e pubblichiamo la replica al segretario del PD Gaetano Farina, che, in un\u2019intervista rilasciata la scorsa settimana a Santa Croce Web, ne aveva criticato i comportamenti. Ricordiamo per la cronaca che il consigliere Puglisi \u00e8 stato eletto [&hellip;]<\/p>\n","protected":false},"author":34,"featured_media":3724,"comment_status":"open","ping_status":"open","sticky":false,"template":"","format":"standard","meta":{"footnotes":""},"categories":[1,4,11],"tags":[],"class_list":["post-3723","post","type-post","status-publish","format-standard","has-post-thumbnail","hentry","category-news","category-politica","category-primopiano"],"_links":{"self":[{"href":"https:\/\/www.santacroceweb.com\/index.php\/wp-json\/wp\/v2\/posts\/3723","targetHints":{"allow":["GET"]}}],"collection":[{"href":"https:\/\/www.santacroceweb.com\/index.php\/wp-json\/wp\/v2\/posts"}],"about":[{"href":"https:\/\/www.santacroceweb.com\/index.php\/wp-json\/wp\/v2\/types\/post"}],"author":[{"embeddable":true,"href":"https:\/\/www.santacroceweb.com\/index.php\/wp-json\/wp\/v2\/users\/34"}],"replies":[{"embeddable":true,"href":"https:\/\/www.santacroceweb.com\/index.php\/wp-json\/wp\/v2\/comments?post=3723"}],"version-history":[{"count":0,"href":"https:\/\/www.santacroceweb.com\/index.php\/wp-json\/wp\/v2\/posts\/3723\/revisions"}],"wp:featuredmedia":[{"embeddable":true,"href":"https:\/\/www.santacroceweb.com\/index.php\/wp-json\/wp\/v2\/media\/3724"}],"wp:attachment":[{"href":"https:\/\/www.santacroceweb.com\/index.php\/wp-json\/wp\/v2\/media?parent=3723"}],"wp:term":[{"taxonomy":"category","embeddable":true,"href":"https:\/\/www.santacroceweb.com\/index.php\/wp-json\/wp\/v2\/categories?post=3723"},{"taxonomy":"post_tag","embeddable":true,"href":"https:\/\/www.santacroceweb.com\/index.php\/wp-json\/wp\/v2\/tags?post=3723"}],"curies":[{"name":"wp","href":"https:\/\/api.w.org\/{rel}","templated":true}]}}