{"id":375,"date":"2012-12-26T11:23:57","date_gmt":"2012-12-26T10:23:57","guid":{"rendered":"http:\/\/www.santacroceweb.com\/giornale1\/?p=375"},"modified":"2012-12-28T14:12:08","modified_gmt":"2012-12-28T13:12:08","slug":"punta-secca-tragedia-in-mare-disperso-sub-50enne-trovato-il-gommone-alla-deriva","status":"publish","type":"post","link":"https:\/\/www.santacroceweb.com\/index.php\/2012\/12\/26\/punta-secca-tragedia-in-mare-disperso-sub-50enne-trovato-il-gommone-alla-deriva\/","title":{"rendered":"Punta Secca: tragedia in mare, disperso sub 54enne. Trovato il gommone alla deriva"},"content":{"rendered":"<p style=\"text-align: justify;\">Ancora nessuna traccia del subacqueo Bruno Bufardeci, 54enne che risulta disperso da ieri pomeriggio nelle acque di Punta Secca. L\u2019allarme \u00e8 stato dato intorno alle 18 ed i sommozzatori dei Vigili del Fuoco, coadiuvati dai mezzi della Guardia costiera, sono accorsi in zona per le ricerche poi sospese in serata a causa dell&#8217;oscurit\u00e0. Il gommone del sub \u00e8 stato trovato alla deriva al largo della costa. Accanto ad esso \u00e8 stato rinvenuto un fucile dotato di una piccola telecamera, attraverso la quale sono stati ricostruiti i movimenti dell&#8217;uomo prima della sparizione. Bufardeci dopo aver ancorato il barcone presso un vecchio relitto, a circa un miglio dalla costa, per una battuta di pesca subacquea, ha indossato la muta e si \u00e8 lanciato su una ricciola. L&#8217;arpione ha colpito il pesce ma il fucile \u00e8 subito caduto dalle mani del suo proprietario. Possibile un malore. Alle ricerche in queste ore partecipa anche un aereo della Guardia costiera che sorvola la zona.<\/p>\n<p style=\"text-align: right;\"><strong>Redazione<\/strong><\/p>\n<p style=\"text-align: center;\">Foto di Bruno Bufardeci<\/p>\n<p style=\"text-align: center;\"><a href=\"https:\/\/www.santacroceweb.com\/giornale1\/wp-content\/uploads\/2012\/12\/564974_539258506086871_1234122538_n1.jpg\"><img fetchpriority=\"high\" decoding=\"async\" class=\"aligncenter size-medium wp-image-401 lazyload\" title=\"564974_539258506086871_1234122538_n[1]\" src=\"data:image\/gif;base64,R0lGODlhAQABAAAAACH5BAEKAAEALAAAAAABAAEAAAICTAEAOw==\" data-src=\"https:\/\/www.santacroceweb.com\/giornale1\/wp-content\/uploads\/2012\/12\/564974_539258506086871_1234122538_n1-300x225.jpg\" alt=\"\" width=\"300\" height=\"225\" data-sizes=\"auto\" data-srcset=\"https:\/\/www.santacroceweb.com\/giornale1\/wp-content\/uploads\/2012\/12\/564974_539258506086871_1234122538_n1-300x225.jpg 300w, https:\/\/www.santacroceweb.com\/giornale1\/wp-content\/uploads\/2012\/12\/564974_539258506086871_1234122538_n1-768x576.jpg 768w, https:\/\/www.santacroceweb.com\/giornale1\/wp-content\/uploads\/2012\/12\/564974_539258506086871_1234122538_n1-86x64.jpg 86w, https:\/\/www.santacroceweb.com\/giornale1\/wp-content\/uploads\/2012\/12\/564974_539258506086871_1234122538_n1.jpg 960w\" sizes=\"(max-width: 300px) 100vw, 300px\" \/><\/a><\/p>\n<p style=\"text-align: center;\"><a href=\"https:\/\/www.santacroceweb.com\/giornale1\/wp-content\/uploads\/2012\/12\/image00031.jpg\"><img decoding=\"async\" class=\"aligncenter size-medium wp-image-405 lazyload\" title=\"image0003[1]\" src=\"data:image\/gif;base64,R0lGODlhAQABAAAAACH5BAEKAAEALAAAAAABAAEAAAICTAEAOw==\" data-src=\"https:\/\/www.santacroceweb.com\/giornale1\/wp-content\/uploads\/2012\/12\/image00031-300x225.jpg\" alt=\"\" width=\"300\" height=\"225\" data-sizes=\"auto\" data-srcset=\"https:\/\/www.santacroceweb.com\/giornale1\/wp-content\/uploads\/2012\/12\/image00031-300x225.jpg 300w, https:\/\/www.santacroceweb.com\/giornale1\/wp-content\/uploads\/2012\/12\/image00031-768x576.jpg 768w, https:\/\/www.santacroceweb.com\/giornale1\/wp-content\/uploads\/2012\/12\/image00031-86x64.jpg 86w, https:\/\/www.santacroceweb.com\/giornale1\/wp-content\/uploads\/2012\/12\/image00031.jpg 800w\" sizes=\"(max-width: 300px) 100vw, 300px\" \/><\/a><\/p>\n","protected":false},"excerpt":{"rendered":"<p>Ancora nessuna traccia del subacqueo Bruno Bufardeci, 54enne che risulta disperso da ieri pomeriggio nelle acque di Punta Secca. L\u2019allarme \u00e8 stato dato intorno alle 18 ed i sommozzatori dei Vigili del Fuoco, coadiuvati dai mezzi della Guardia costiera, sono accorsi in zona per le ricerche poi sospese in serata a causa dell&#8217;oscurit\u00e0. Il gommone [&hellip;]<\/p>\n","protected":false},"author":34,"featured_media":403,"comment_status":"open","ping_status":"open","sticky":false,"template":"","format":"standard","meta":{"footnotes":""},"categories":[7],"tags":[],"class_list":["post-375","post","type-post","status-publish","format-standard","has-post-thumbnail","hentry","category-cronaca"],"_links":{"self":[{"href":"https:\/\/www.santacroceweb.com\/index.php\/wp-json\/wp\/v2\/posts\/375","targetHints":{"allow":["GET"]}}],"collection":[{"href":"https:\/\/www.santacroceweb.com\/index.php\/wp-json\/wp\/v2\/posts"}],"about":[{"href":"https:\/\/www.santacroceweb.com\/index.php\/wp-json\/wp\/v2\/types\/post"}],"author":[{"embeddable":true,"href":"https:\/\/www.santacroceweb.com\/index.php\/wp-json\/wp\/v2\/users\/34"}],"replies":[{"embeddable":true,"href":"https:\/\/www.santacroceweb.com\/index.php\/wp-json\/wp\/v2\/comments?post=375"}],"version-history":[{"count":0,"href":"https:\/\/www.santacroceweb.com\/index.php\/wp-json\/wp\/v2\/posts\/375\/revisions"}],"wp:featuredmedia":[{"embeddable":true,"href":"https:\/\/www.santacroceweb.com\/index.php\/wp-json\/wp\/v2\/media\/403"}],"wp:attachment":[{"href":"https:\/\/www.santacroceweb.com\/index.php\/wp-json\/wp\/v2\/media?parent=375"}],"wp:term":[{"taxonomy":"category","embeddable":true,"href":"https:\/\/www.santacroceweb.com\/index.php\/wp-json\/wp\/v2\/categories?post=375"},{"taxonomy":"post_tag","embeddable":true,"href":"https:\/\/www.santacroceweb.com\/index.php\/wp-json\/wp\/v2\/tags?post=375"}],"curies":[{"name":"wp","href":"https:\/\/api.w.org\/{rel}","templated":true}]}}