{"id":3750,"date":"2013-04-20T10:02:30","date_gmt":"2013-04-20T08:02:30","guid":{"rendered":"http:\/\/www.santacroceweb.com\/giornale1\/?p=3750"},"modified":"2013-04-20T10:20:10","modified_gmt":"2013-04-20T08:20:10","slug":"basket-ottima-vigor-nel-campionato-u-17-battuta-la-cestistica-licata-con-un-grande-terzo-quarto","status":"publish","type":"post","link":"https:\/\/www.santacroceweb.com\/index.php\/2013\/04\/20\/basket-ottima-vigor-nel-campionato-u-17-battuta-la-cestistica-licata-con-un-grande-terzo-quarto\/","title":{"rendered":"Basket, ottima Vigor nel campionato U-17. Battuta la Cestistica Licata con un grande terzo quarto"},"content":{"rendered":"<p style=\"text-align: justify;\">Vittoria sofferta ma meritata per la A.D.P.Vigor Santa Croce under-17 contro la fortissima A.S.D. Cestistica Licata con il punteggio finale di 89-83. La squadra allenata da coach Di Stefano fin dall\u2019inizio della gara \u00e8 stata brillante e trascinata da un superlativo Salvo Rizzo (24 punti all\u2019attivo, miglior realizzatore della gara) nel primo quarto riesce ad avere la meglio e conclude in vantaggio con il punteggio di 24-21. Nel secondo quarto il Licata prende il sopravvento e si impone a rimbalzo. La Vigor per\u00f2 \u00e8 sempre precisa soprattutto nei tiri da 3 con Mirko Mandar\u00e0 (18 punti) e con la velocit\u00e0 in attacco di Francesco Occhipinti (17 punti)\u00a0 riesce \u00a0a limitare i danni (punteggio parziale 2\u00b0 quarto 22-26). Nel terzo quarto \u00e8 la squadra locale a dominare e a mettere con una serie di tiri da fuori in grande difficolt\u00e0 il Licata che cede sotto i colpi precisi di Rosario Occhipinti e Mattia Lena (punteggio parziale 3\u00b0 quarto 28-14). Nell\u2019ultimo quarto \u00e8 venuta fuori la grande maturit\u00e0 ed esuberanza dei giovani del Licata che sotto i tabelloni riescono a farla da padroni e recuperano fino ad arrivare a \u2013 5. Ma nel finale la freddezza e la precisione della Vigor fanno la differenza e proiettano la squadra verso grandi traguardi (punteggio parziale 4\u00b0 quarto 15-32). Adesso i ragazzi di coach Di Stefano ritorneranno a lavoro per preparare le ultime 2 gare con il forte Vittoria e per confermare il meritatissimo 2\u00b0 posto in classifica.<\/p>\n<p style=\"text-align: right;\"><strong>Redazione\u00a0<\/strong><\/p>\n<p style=\"text-align: justify;\"><strong>IL TABELLINO<\/strong><\/p>\n<p style=\"text-align: justify;\"><strong>A.D.P.Vigor<\/strong><strong>\u00a0<\/strong><span style=\"color: #ff0000;\"><strong>89<\/strong><\/span><strong>\u00a0<\/strong><strong>\u2013 A.S.D. Cestistica Licata<\/strong><strong>\u00a0<\/strong><span style=\"color: #ff0000;\"><strong>83<\/strong><\/span><\/p>\n<p style=\"text-align: justify;\"><strong>Tabellino<\/strong>: Rizzo Salvatore 24 \u2013 Cordova Enrico 0 \u00a0\u2013 \u00a0Mandar\u00e0 Mirko 18 \u2013 Lena Mattia 10 \u2013 Busetta Luca 0 \u2013 Occhipinti Francesco 17 \u2013 Cavallo Ignazio 6 \u2013 Occhipinti Rosario 11.<\/p>\n<p style=\"text-align: center;\"><a href=\"https:\/\/www.santacroceweb.com\/giornale1\/wp-content\/uploads\/2013\/04\/11925_599332526746135_2061257454_n11.jpg\"><img fetchpriority=\"high\" decoding=\"async\" class=\"aligncenter size-medium wp-image-3760 lazyload\" title=\"11925_599332526746135_2061257454_n[1]\" src=\"data:image\/gif;base64,R0lGODlhAQABAAAAACH5BAEKAAEALAAAAAABAAEAAAICTAEAOw==\" data-src=\"https:\/\/www.santacroceweb.com\/giornale1\/wp-content\/uploads\/2013\/04\/11925_599332526746135_2061257454_n11-300x224.jpg\" alt=\"\" width=\"300\" height=\"224\" data-sizes=\"auto\" data-srcset=\"https:\/\/www.santacroceweb.com\/giornale1\/wp-content\/uploads\/2013\/04\/11925_599332526746135_2061257454_n11-300x224.jpg 300w, https:\/\/www.santacroceweb.com\/giornale1\/wp-content\/uploads\/2013\/04\/11925_599332526746135_2061257454_n11-768x574.jpg 768w, https:\/\/www.santacroceweb.com\/giornale1\/wp-content\/uploads\/2013\/04\/11925_599332526746135_2061257454_n11-86x64.jpg 86w, https:\/\/www.santacroceweb.com\/giornale1\/wp-content\/uploads\/2013\/04\/11925_599332526746135_2061257454_n11.jpg 960w\" sizes=\"(max-width: 300px) 100vw, 300px\" \/><\/a><\/p>\n<p style=\"text-align: center;\"><a href=\"https:\/\/www.santacroceweb.com\/giornale1\/wp-content\/uploads\/2013\/04\/529136_599332463412808_2087004661_n11.jpg\"><img decoding=\"async\" class=\"aligncenter size-medium wp-image-3761 lazyload\" title=\"529136_599332463412808_2087004661_n[1]\" src=\"data:image\/gif;base64,R0lGODlhAQABAAAAACH5BAEKAAEALAAAAAABAAEAAAICTAEAOw==\" data-src=\"https:\/\/www.santacroceweb.com\/giornale1\/wp-content\/uploads\/2013\/04\/529136_599332463412808_2087004661_n11-300x224.jpg\" alt=\"\" width=\"300\" height=\"224\" data-sizes=\"auto\" data-srcset=\"https:\/\/www.santacroceweb.com\/giornale1\/wp-content\/uploads\/2013\/04\/529136_599332463412808_2087004661_n11-300x224.jpg 300w, https:\/\/www.santacroceweb.com\/giornale1\/wp-content\/uploads\/2013\/04\/529136_599332463412808_2087004661_n11-768x574.jpg 768w, https:\/\/www.santacroceweb.com\/giornale1\/wp-content\/uploads\/2013\/04\/529136_599332463412808_2087004661_n11-86x64.jpg 86w, https:\/\/www.santacroceweb.com\/giornale1\/wp-content\/uploads\/2013\/04\/529136_599332463412808_2087004661_n11.jpg 960w\" sizes=\"(max-width: 300px) 100vw, 300px\" \/><\/a><\/p>\n","protected":false},"excerpt":{"rendered":"<p>Vittoria sofferta ma meritata per la A.D.P.Vigor Santa Croce under-17 contro la fortissima A.S.D. Cestistica Licata con il punteggio finale di 89-83. La squadra allenata da coach Di Stefano fin dall\u2019inizio della gara \u00e8 stata brillante e trascinata da un superlativo Salvo Rizzo (24 punti all\u2019attivo, miglior realizzatore della gara) nel primo quarto riesce ad [&hellip;]<\/p>\n","protected":false},"author":34,"featured_media":3751,"comment_status":"open","ping_status":"open","sticky":false,"template":"","format":"standard","meta":{"footnotes":""},"categories":[1,3],"tags":[],"class_list":["post-3750","post","type-post","status-publish","format-standard","has-post-thumbnail","hentry","category-news","category-sport"],"_links":{"self":[{"href":"https:\/\/www.santacroceweb.com\/index.php\/wp-json\/wp\/v2\/posts\/3750","targetHints":{"allow":["GET"]}}],"collection":[{"href":"https:\/\/www.santacroceweb.com\/index.php\/wp-json\/wp\/v2\/posts"}],"about":[{"href":"https:\/\/www.santacroceweb.com\/index.php\/wp-json\/wp\/v2\/types\/post"}],"author":[{"embeddable":true,"href":"https:\/\/www.santacroceweb.com\/index.php\/wp-json\/wp\/v2\/users\/34"}],"replies":[{"embeddable":true,"href":"https:\/\/www.santacroceweb.com\/index.php\/wp-json\/wp\/v2\/comments?post=3750"}],"version-history":[{"count":0,"href":"https:\/\/www.santacroceweb.com\/index.php\/wp-json\/wp\/v2\/posts\/3750\/revisions"}],"wp:featuredmedia":[{"embeddable":true,"href":"https:\/\/www.santacroceweb.com\/index.php\/wp-json\/wp\/v2\/media\/3751"}],"wp:attachment":[{"href":"https:\/\/www.santacroceweb.com\/index.php\/wp-json\/wp\/v2\/media?parent=3750"}],"wp:term":[{"taxonomy":"category","embeddable":true,"href":"https:\/\/www.santacroceweb.com\/index.php\/wp-json\/wp\/v2\/categories?post=3750"},{"taxonomy":"post_tag","embeddable":true,"href":"https:\/\/www.santacroceweb.com\/index.php\/wp-json\/wp\/v2\/tags?post=3750"}],"curies":[{"name":"wp","href":"https:\/\/api.w.org\/{rel}","templated":true}]}}