{"id":3789,"date":"2013-04-22T09:11:08","date_gmt":"2013-04-22T07:11:08","guid":{"rendered":"http:\/\/www.santacroceweb.com\/giornale1\/?p=3789"},"modified":"2013-04-22T09:11:08","modified_gmt":"2013-04-22T07:11:08","slug":"piazza-del-mercato-vecchio-senza-fontana-mandara-a-santa-croce-non-esiste-manutenzione-ordinaria","status":"publish","type":"post","link":"https:\/\/www.santacroceweb.com\/index.php\/2013\/04\/22\/piazza-del-mercato-vecchio-senza-fontana-mandara-a-santa-croce-non-esiste-manutenzione-ordinaria\/","title":{"rendered":"Piazza del Mercato Vecchio senza fontana, Mandar\u00e0: &#8220;A Santa Croce non esiste manutenzione ordinaria&#8221;"},"content":{"rendered":"<p style=\"text-align: justify;\">&#8220;Una piazza come quella del Mercato Vecchio sarebbe un fiore all\u2019occhiello in qualsiasi altra citt\u00e0. Invece, a Santa Croce, non solo non \u00e8 stata mai valorizzata ma ormai non viene eseguita neanche la manutenzione ordinaria che qualsiasi Amministrazione dovrebbe garantire&#8221;. Comincia cos\u00ec la nota di Piero Mandar\u00e0, ex assessore provinciale e comunale e attuale segretario del movimento &#8216;Tutti x Santa Croce&#8217;: &#8220;Un esempio \u00e8 dato dalla fontana situata al centro della piazza dove l\u2019acqua non scorre pi\u00f9. La fontana, infatti, \u00e8 spenta e non funzionante da diverso tempo, ma nessuno ha mai fornito spiegazioni. Anche nel cuore della citt\u00e0, l&#8217;Amministrazione non riesce a dimostrare un po\u2019 di cura nell\u2019arredo urbano e un minimo di efficienza. Mi sono chiesto come mai e mi sono dato una riposta: a Santa Croce siamo pi\u00f9 inclini alla distruzione e alla cattiva gestione che non alla manutenzione. Come mai anche gli zampilli d\u2019acqua nel nostro paese sono cos\u00ec difficili da gestire?\u00a0Esiste o no una squadra di operai che si occupa di manutenzione? Caro sindaco e cari assessori, non dovete una spiegazione a me ma ai cittadini. Lo dovete fare perch\u00e9 le decine e decine di migliaia di euro spese per realizzare la fontana a suo tempo, sono soldi pubblici, pagati dai cittadini con le loro tasse!&#8221;. Poi la chiosa: &#8220;Facile a questo punto tirare le somme: se la fontana ha ragione e senso di esistere, che la si faccia funzionare al meglio. Basterebbe infatti un po&#8217; di buona volont\u00e0 per rendere la piazza pi\u00f9 viva e gradevole nell\u2019aspetto estetico, oltre che per regalare a cittadini di Santa Croce una importantissima sensazione di refrigerio nelle giornate calde e assolate che cominceranno ad essere pi\u00f9 frequenti con l\u2019avvicinarsi dell\u2019estate. Ma di fronte alle incompiute la giustificazione \u00e8 sempre uguale: non ci sono soldi. Sar\u00e0 cos\u00ec anche stavolta?&#8221;.<\/p>\n<p style=\"text-align: right;\"><strong>Redazione<\/strong><\/p>\n","protected":false},"excerpt":{"rendered":"<p>&#8220;Una piazza come quella del Mercato Vecchio sarebbe un fiore all\u2019occhiello in qualsiasi altra citt\u00e0. Invece, a Santa Croce, non solo non \u00e8 stata mai valorizzata ma ormai non viene eseguita neanche la manutenzione ordinaria che qualsiasi Amministrazione dovrebbe garantire&#8221;. Comincia cos\u00ec la nota di Piero Mandar\u00e0, ex assessore provinciale e comunale e attuale segretario [&hellip;]<\/p>\n","protected":false},"author":34,"featured_media":3790,"comment_status":"open","ping_status":"open","sticky":false,"template":"","format":"standard","meta":{"footnotes":""},"categories":[1,4],"tags":[],"class_list":["post-3789","post","type-post","status-publish","format-standard","has-post-thumbnail","hentry","category-news","category-politica"],"_links":{"self":[{"href":"https:\/\/www.santacroceweb.com\/index.php\/wp-json\/wp\/v2\/posts\/3789","targetHints":{"allow":["GET"]}}],"collection":[{"href":"https:\/\/www.santacroceweb.com\/index.php\/wp-json\/wp\/v2\/posts"}],"about":[{"href":"https:\/\/www.santacroceweb.com\/index.php\/wp-json\/wp\/v2\/types\/post"}],"author":[{"embeddable":true,"href":"https:\/\/www.santacroceweb.com\/index.php\/wp-json\/wp\/v2\/users\/34"}],"replies":[{"embeddable":true,"href":"https:\/\/www.santacroceweb.com\/index.php\/wp-json\/wp\/v2\/comments?post=3789"}],"version-history":[{"count":0,"href":"https:\/\/www.santacroceweb.com\/index.php\/wp-json\/wp\/v2\/posts\/3789\/revisions"}],"wp:featuredmedia":[{"embeddable":true,"href":"https:\/\/www.santacroceweb.com\/index.php\/wp-json\/wp\/v2\/media\/3790"}],"wp:attachment":[{"href":"https:\/\/www.santacroceweb.com\/index.php\/wp-json\/wp\/v2\/media?parent=3789"}],"wp:term":[{"taxonomy":"category","embeddable":true,"href":"https:\/\/www.santacroceweb.com\/index.php\/wp-json\/wp\/v2\/categories?post=3789"},{"taxonomy":"post_tag","embeddable":true,"href":"https:\/\/www.santacroceweb.com\/index.php\/wp-json\/wp\/v2\/tags?post=3789"}],"curies":[{"name":"wp","href":"https:\/\/api.w.org\/{rel}","templated":true}]}}