{"id":38049,"date":"2016-05-13T15:24:10","date_gmt":"2016-05-13T13:24:10","guid":{"rendered":"http:\/\/www.santacroceweb.com\/giornale1\/?p=38049"},"modified":"2016-05-13T15:24:10","modified_gmt":"2016-05-13T13:24:10","slug":"sviluppo-rurale-illustrato-il-piano-6-8-milioni-di-ricaduta-per-il-territorio","status":"publish","type":"post","link":"https:\/\/www.santacroceweb.com\/index.php\/2016\/05\/13\/sviluppo-rurale-illustrato-il-piano-6-8-milioni-di-ricaduta-per-il-territorio\/","title":{"rendered":"Sviluppo rurale, illustrato il piano: 6-8 milioni di ricaduta per il territorio"},"content":{"rendered":"<p style=\"text-align: justify;\">Per fornire una strategia di sviluppo locale di tipo partecipata, anche il comune di Santa Croce Camerina \u00e8 divenuto socio fondatore del \u201cGal Terra Barocca\u201d insieme con altri quattro comuni iblei &#8211; Ispica, Scicli, Ragusa e Modica (ente capofila) &#8211; e i 15 partner privati tra cui le tre organizzazioni di produttori \u00abMoncada\u00bb, \u00abFonte Verde\u00bb e \u00abColle d\u2019Oro\u00bb. La nuova programmazione per lo sviluppo rurale prevede la costituzione di gruppi d\u2019azione locale (Gal) a partecipazione pubblico-privato per progettare Piani di sviluppo locale nell\u2019interesse di specifici territori. Si tratta di diversi milioni di euro (da 6 a 8 di\u00a0ricaduta nel nostro territorio) a disposizione delle filiere agricola-turistica-ambientale per la valorizzazione delle tipicit\u00e0 e del patrimonio locale. Tra gli interessi principali del \u201cGal Terra Barocca\u201d, c&#8217;\u00e8 quello\u00a0di concentrare l\u2019azione nelle zone marginali e a maggior rischio di depauperamento o degrado di risorse umane ed economico-sociali, valorizzando le risorse locali e incentivando le attivit\u00e0 sostenibili sotto il profilo ambientale, economico, culturale e sociale. Allo stesso tempo, promuovere il consolidamento di un programma ispirato alla partecipazione delle comunit\u00e0 locali per un sempre pi\u00f9 chiaro obiettivo di cambiamento del proprio territorio.<\/p>\n<p style=\"text-align: justify;\">Per far conoscere e favorire la condivisione del progetto si \u00e8 svolto venerd\u00ec 13 maggio, nella sala giunta del comune di Santa Croce, un incontro presieduto dal sindaco Franca Iurato, affiancata dal dott. Franco Celestre e dal dott. Salvatore Occhipinti (tecnici del progetto), al fine di illustrare le finalit\u00e0 e gli obiettivi del GAL. Presenti anche il vice-sindaco Francesco Corallo e l\u2019assessore Marianna Cuciti, i consiglieri comunali Lucia Cuciti e Ignazia Agosta (maggioranza), Carmelo Portelli e Luca Agnello (opposizione). A seguito dell\u2019incontro il presidente Carmelo Portelli ha inserito il punto all\u2019o.d.g. del prossimo Consiglio comunale gi\u00e0 previsto per il 19 maggio alle ore 19.30 per l&#8217;approvazione dell\u2019atto costitutivo e del regolamento statutario predisposto da tutti i soci, che dovr\u00e0 essere approvato prima con una delibera di giunta dei 5 comuni e successivamente, ed in contemporanea, nei rispettivi Consigli comunali entro la data del 22 maggio 2016.<\/p>\n<p style=\"text-align: justify;\">La quota di compartecipazione di spesa \u201cuna tantum\u201d prevista per il comune di Santa Croce \u00e8 di 1000 euro mentre i comuni Ragusa e Modica verseranno 3000 euro. \u00a0L\u2019adesione al &#8220;Gal Terra Barocca&#8221; rimane aperta alle imprese e a chi volesse farne parte. Nelle prossime settimane a tale scopo verr\u00e0 attivata una piattaforma-web (work in progress) dove soci e partners potranno registrarsi per dare ulteriori suggerimenti. Infine il prossimo 24 maggio a Modica si terr\u00e0 uno dei diversi incontri di animazione territoriale per coinvolgere altri enti pubblici e privati, anche ai fini del riconoscimento del sostegno preparatorio di cui alla misura 19.1 del Psr.<\/p>\n<p style=\"text-align: justify;\">&#8220;Il Gal terra barocca &#8211; ha affermato nel corso dell\u2019incontro il sindaco Franca Iurato \u2013 nasce con l\u2019intento di mettere in sinergia la capacit\u00e0 imprenditoriale del privato con la solidit\u00e0 delle istituzioni locali, in un mix che avr\u00e0 nel Piano di sviluppo locale la strategia vincente per dare una nuova spinta allo sviluppo delle nostre imprese\u201d. Per il vice-sindaco Francesco Corallo \u201cquesto progetto rappresenta \u00a0una risorsa imprescindibile per promuovere l\u2019agricoltura ed il turismo del nostro territorio, frutto della sinergia tra pubblico e privato, opportunit\u00e0 unica di accesso ai finanziamenti previsti dal nuovo programma di sviluppo rurale 2014\/2020&#8221;.<\/p>\n<p style=\"text-align: justify;\">Noi come giornale e come &#8220;fonte di corretta informazione&#8221; aggiungiamo che \u00e8 indispensabile e necessario far capire all&#8217;opinione pubblica che non stiamo parlando del solito <em>carrozzone<\/em> politico che non riesce a concludere nulla di concreto. Qua si parla di milioni di euro che arriveranno sulla nostra comunit\u00e0 grazie all\u2019impegno di tutti (soldi che dovranno essere spesi bene nell&#8217;interesse primario della collettivit\u00e0), siamo stanchi di rimandare i fondi al mittente. La politica deve svolgere la propria parte in modo cosciente e responsabile e deve mettere a disposizione i propri mezzi al servizio della comunit\u00e0, mentre il privato deve offrire le proprie conoscenze e le capacit\u00e0 imprenditoriali, solo in questo modo si potranno realizzare grandi cose.<\/p>\n","protected":false},"excerpt":{"rendered":"<p>Per fornire una strategia di sviluppo locale di tipo partecipata, anche il comune di Santa Croce Camerina \u00e8 divenuto socio fondatore del \u201cGal Terra Barocca\u201d insieme con altri quattro comuni iblei &#8211; Ispica, Scicli, Ragusa e Modica (ente capofila) &#8211; e i 15 partner privati tra cui le tre organizzazioni di produttori \u00abMoncada\u00bb, \u00abFonte Verde\u00bb [&hellip;]<\/p>\n","protected":false},"author":2,"featured_media":38051,"comment_status":"open","ping_status":"open","sticky":false,"template":"","format":"standard","meta":{"footnotes":""},"categories":[8],"tags":[],"class_list":["post-38049","post","type-post","status-publish","format-standard","has-post-thumbnail","hentry","category-attualita"],"_links":{"self":[{"href":"https:\/\/www.santacroceweb.com\/index.php\/wp-json\/wp\/v2\/posts\/38049","targetHints":{"allow":["GET"]}}],"collection":[{"href":"https:\/\/www.santacroceweb.com\/index.php\/wp-json\/wp\/v2\/posts"}],"about":[{"href":"https:\/\/www.santacroceweb.com\/index.php\/wp-json\/wp\/v2\/types\/post"}],"author":[{"embeddable":true,"href":"https:\/\/www.santacroceweb.com\/index.php\/wp-json\/wp\/v2\/users\/2"}],"replies":[{"embeddable":true,"href":"https:\/\/www.santacroceweb.com\/index.php\/wp-json\/wp\/v2\/comments?post=38049"}],"version-history":[{"count":0,"href":"https:\/\/www.santacroceweb.com\/index.php\/wp-json\/wp\/v2\/posts\/38049\/revisions"}],"wp:featuredmedia":[{"embeddable":true,"href":"https:\/\/www.santacroceweb.com\/index.php\/wp-json\/wp\/v2\/media\/38051"}],"wp:attachment":[{"href":"https:\/\/www.santacroceweb.com\/index.php\/wp-json\/wp\/v2\/media?parent=38049"}],"wp:term":[{"taxonomy":"category","embeddable":true,"href":"https:\/\/www.santacroceweb.com\/index.php\/wp-json\/wp\/v2\/categories?post=38049"},{"taxonomy":"post_tag","embeddable":true,"href":"https:\/\/www.santacroceweb.com\/index.php\/wp-json\/wp\/v2\/tags?post=38049"}],"curies":[{"name":"wp","href":"https:\/\/api.w.org\/{rel}","templated":true}]}}