{"id":38234,"date":"2016-05-20T11:09:56","date_gmt":"2016-05-20T09:09:56","guid":{"rendered":"http:\/\/www.santacroceweb.com\/giornale1\/?p=38234"},"modified":"2016-05-20T11:09:56","modified_gmt":"2016-05-20T09:09:56","slug":"sospeso-il-servizio-mensa-ai-bambini-della-materna-e-solo-un-intoppo-2","status":"publish","type":"post","link":"https:\/\/www.santacroceweb.com\/index.php\/2016\/05\/20\/sospeso-il-servizio-mensa-ai-bambini-della-materna-e-solo-un-intoppo-2\/","title":{"rendered":"Sospeso il servizio mensa ai bambini della Materna: &#8220;E&#8217; solo un intoppo&#8221;"},"content":{"rendered":"<p style=\"text-align: justify;\">Da qui alla fine del mese di maggio i bambini della Materna non potranno pi\u00f9\u00a0mangiare a scuola: da\u00a0gioved\u00ec 19, e per i successivi\u00a0otto giorni scolastici,\u00a0il servizio della mensa \u00e8 sospeso. La denuncia arriva dai genitori, le conferme dal Comune. Nove giorni (complessivi) senza cibo: chi vuole pu\u00f2 portare il panino da casa. &#8220;Lo sapevano da un mese e ce l&#8217;hanno comunicato solo settimana scorsa &#8211; si lamenta un pap\u00e0\u00a0&#8211; Le maestre ci hanno detto che, se preferiamo, possiamo andare a riprenderci i bambini a mezzogiorno. Ci hanno spiegato pure che \u00e8 un problema di fondi&#8230; Ma di tutti gli sperperi che ci sono, proprio la mensa scolastica\u00a0devono tagliare? Perch\u00e9 non i pasti ai dipendenti comunali?&#8221;. I genitori ignorano che si tratti di un piccolo incidente di percorso &#8211; come spiegheremo &#8211; e si arrabbiano: &#8220;E adesso i buoni pasto che abbiamo gi\u00e0 acquistato chi ce li ripaga?&#8221;.<\/p>\n<p style=\"text-align: justify;\">Quindici ticket costano poco meno di 17 euro. Parte dell&#8217;ultimo blocchetto\u00a0rimarr\u00e0 inutilizzato: &#8220;Ma chi \u00e8 gi\u00e0 in possesso dei buoni, potr\u00e0 usarli\u00a0a ottobre&#8221; spiega la dottoressa Antonella Gulino, responsabile del dipartimento Servizi Sociali. Che poi si sofferma anche sulle origini del problema: &#8220;Ci sono stati dei ritardi nella stipula del contratto con la ditta appaltatrice, dovuti all&#8217;avvicendarsi dei segretari generali. Ma\u00a0gli uffici comunali hanno fatto il massimo: il servizio rischiava di saltare a cavallo delle vacanze di Natale, ma siamo riusciti a garantirlo con regolarit\u00e0 fino all&#8217;altro ieri. Questo intoppo\u00a0avr\u00e0 una durata limitata di 9 giorni, non ci sar\u00e0 alcuna ripercussione sul prossimo anno scolastico&#8221;. Il sindaco Franca Iurato, interpellato sull&#8217;argomento, ha spiegato che la fine\u00a0della mensa, prevista originariamente per il 31 maggio,\u00a0&#8220;\u00e8 stata comunicata\u00a0con largo anticipo alla Preside, e che comunque approssimandosi la fine dell&#8217;anno scolastico e con l&#8217;inizio della stagione calda le richieste di fruizione del servizio si riducono significativamente&#8221;.<\/p>\n","protected":false},"excerpt":{"rendered":"<p>Da qui alla fine del mese di maggio i bambini della Materna non potranno pi\u00f9\u00a0mangiare a scuola: da\u00a0gioved\u00ec 19, e per i successivi\u00a0otto giorni scolastici,\u00a0il servizio della mensa \u00e8 sospeso. La denuncia arriva dai genitori, le conferme dal Comune. Nove giorni (complessivi) senza cibo: chi vuole pu\u00f2 portare il panino da casa. &#8220;Lo sapevano da [&hellip;]<\/p>\n","protected":false},"author":11,"featured_media":38231,"comment_status":"open","ping_status":"open","sticky":false,"template":"","format":"standard","meta":{"footnotes":""},"categories":[8],"tags":[],"class_list":["post-38234","post","type-post","status-publish","format-standard","has-post-thumbnail","hentry","category-attualita"],"_links":{"self":[{"href":"https:\/\/www.santacroceweb.com\/index.php\/wp-json\/wp\/v2\/posts\/38234","targetHints":{"allow":["GET"]}}],"collection":[{"href":"https:\/\/www.santacroceweb.com\/index.php\/wp-json\/wp\/v2\/posts"}],"about":[{"href":"https:\/\/www.santacroceweb.com\/index.php\/wp-json\/wp\/v2\/types\/post"}],"author":[{"embeddable":true,"href":"https:\/\/www.santacroceweb.com\/index.php\/wp-json\/wp\/v2\/users\/11"}],"replies":[{"embeddable":true,"href":"https:\/\/www.santacroceweb.com\/index.php\/wp-json\/wp\/v2\/comments?post=38234"}],"version-history":[{"count":0,"href":"https:\/\/www.santacroceweb.com\/index.php\/wp-json\/wp\/v2\/posts\/38234\/revisions"}],"wp:featuredmedia":[{"embeddable":true,"href":"https:\/\/www.santacroceweb.com\/index.php\/wp-json\/wp\/v2\/media\/38231"}],"wp:attachment":[{"href":"https:\/\/www.santacroceweb.com\/index.php\/wp-json\/wp\/v2\/media?parent=38234"}],"wp:term":[{"taxonomy":"category","embeddable":true,"href":"https:\/\/www.santacroceweb.com\/index.php\/wp-json\/wp\/v2\/categories?post=38234"},{"taxonomy":"post_tag","embeddable":true,"href":"https:\/\/www.santacroceweb.com\/index.php\/wp-json\/wp\/v2\/tags?post=38234"}],"curies":[{"name":"wp","href":"https:\/\/api.w.org\/{rel}","templated":true}]}}