{"id":3884,"date":"2013-04-25T07:39:04","date_gmt":"2013-04-25T05:39:04","guid":{"rendered":"http:\/\/www.santacroceweb.com\/giornale1\/?p=3884"},"modified":"2013-04-25T12:05:02","modified_gmt":"2013-04-25T10:05:02","slug":"don-gnocchi-e-ancora-polemica-mandara-amministrazione-incompetente-vada-a-casa","status":"publish","type":"post","link":"https:\/\/www.santacroceweb.com\/index.php\/2013\/04\/25\/don-gnocchi-e-ancora-polemica-mandara-amministrazione-incompetente-vada-a-casa\/","title":{"rendered":"&#8216;Don Gnocchi&#8217;, \u00e8 ancora polemica. Piero Mandar\u00e0: &#8220;Amministrazione incompetente, vada a casa&#8221;"},"content":{"rendered":"<p style=\"text-align: justify;\">&#8220;In ambito di servizi sociali e assistenza ai disabili, l&#8217;Amministrazione Iurato \u00e8 la peggiore che io ricordi&#8221;. Piero Mandar\u00e0, ex assessore comunale e provinciale alle Politiche Sociali e leader del movimento &#8216;Tutti x Santa Croce&#8217;, prende spunto dall&#8217;intervento in aula dell&#8217;assessore al ramo, Rosalba Varcadipane, per esternare grande amarezza sulla questione &#8216;Don Gnocchi&#8217;. La casa-famiglia, destinata alla riabilitazione e all&#8217;assistenza dei disabili psichichi, e ormai dismessa da qualche tempo, ospiter\u00e0 gli uffici comunali venendo meno agli scopi iniziali: &#8220;E sapete come faranno? Chiedendo alla Regione un &#8216;cambio di destinazione d&#8217;uso temporaneo&#8217;, come specificato dell&#8217;assessore nell&#8217;ultima seduta del Consiglio Comunale in risposta a precisa interrogazione. \u00c8 un vero e proprio raggiro al vincolo di destinazione d&#8217;uso originario, che per 15 anni non avrebbe permesso di utilizzare la struttura per progetti diversi da quelli era cui era nata. Se la Regione dovesse pronunciarsi favorevolmente alla richiesta &#8211; e spero vivamente di no -, si tratterebbe di un atto inconsulto, dell&#8217;ennesima e inutile dimostrazione di forza da parte di un&#8217;Amministrazione che si dimostra forte con i deboli e debole con i forti&#8221;. La casa-famiglia &#8216;Don Gnocchi&#8217;, grazie alla convenzione con il distretto socio-sanitario n.44 e un progetto all&#8217;avanguardia, ha rappresentato un fiore all&#8217;occhiello della sanit\u00e0 provinciale e regionale, come molti addetti ai lavori negli anni scorsi hanno fatto rilevare: &#8220;Ma il sindaco e gli attuali assessori di questo non saranno al corrente, perch\u00e9 se lo fossero, sarebbe dimostrata la loro malafede &#8211; spiega Mandar\u00e0, che da assessore fu uno dei fautori del progetto -. E in ogni caso, prima di recarsi in aula e dare fiato alla bocca, sarebbe opportuno rivedere gli atti e studiare le problematiche. Suppongo, ad esempio, che l&#8217;assessore Varcadipane non sia a conoscenza dei benefici che il comune di Santa Croce ha avuto da questa convenzione: di immagine, di risparmio sui costi per la ristrutturazione e il completamento dello stabile, di opportunit\u00e0 lavorative per i giovani operatori del luogo, e &#8211; parlando ancora di disabili &#8211; di vicinanza territoriale con i comuni di provenienza, che permetteva agli utenti della struttura e ai parenti spostamenti agevoli. Di questo purtroppo l&#8217;assessore non era al corrente, come del fatto che alla scadenza della convenzione, nel 2011, il presidente del distretto 44 mandava una missiva al Comune per implorare una nuova forma di collaborazione e\/o progetto di natura simile e a condizione magari pi\u00f9 vantaggiose, mai presa in considerazione da questa Amministrazione n\u00e8 dalla precedente (si sostiene perch\u00e9 troppo onerosa) nell&#8217;ultima fase del suo mandato&#8221;. Cos\u00ec, la disamina torna su tematiche pi\u00f9 generali: &#8220;Una Amministrazione sensibile e responsabile di deve fare carico di interventi sulla povert\u00e0, sulle famiglie, sulla non-autosufficienza, sui minori, sul disagio mentale, attraverso il recupero della cultura della legge quadro 328\/2000 e la logica istituzionalizzante del bisogno o degli interventi monetari una tantum. Quella attuale non ha fatto niente di tutto ci\u00f2: non la presentazione di un progetto al distretto n.44, tanto meno un bando di gara. Anzi sulla &#8216;Don Gnocchi&#8217; dice che \u00e8 inutile intestardirsi dato che gli utenti della struttura nell&#8217;ultimo periodo erano solo cinque (l&#8217;accreditamento prevede un numero massimo di 10, ndr). Con questa logica (per niente logica) si danneggia una categoria di persone poco fortunate, si afferma una totale mancanza di sensibilit\u00e0 e competenze. Non possiamo esaltare la confusione e l&#8217;inadeguatezza di una classe politica sorda alle esigenze della citt\u00e0 e imperterrita nel promuovere solo gli interessi di parte. Per questo &#8211; chiude Mandar\u00e0 &#8211; dico con ferma convinzione che questi amministratori devono andare a casa nel pi\u00f9 breve tempo possibile o sar\u00e0 la citt\u00e0 a piangerne disastri e malefatte&#8221;.<\/p>\n<p style=\"text-align: right;\"><strong>Redazione<\/strong><\/p>\n<p style=\"text-align: center;\">Sotto alcuni articoli di stampa sulla Don Gnocchi di qualche anno fa<\/p>\n<p><a href=\"https:\/\/www.santacroceweb.com\/giornale1\/wp-content\/uploads\/2013\/04\/644472_601315966547791_593373355_n2.jpg\"><img fetchpriority=\"high\" decoding=\"async\" class=\"aligncenter size-medium wp-image-3885 lazyload\" title=\"644472_601315966547791_593373355_n[2]\" src=\"data:image\/gif;base64,R0lGODlhAQABAAAAACH5BAEKAAEALAAAAAABAAEAAAICTAEAOw==\" data-src=\"https:\/\/www.santacroceweb.com\/giornale1\/wp-content\/uploads\/2013\/04\/644472_601315966547791_593373355_n2-300x218.jpg\" alt=\"\" width=\"300\" height=\"218\" data-sizes=\"auto\" data-srcset=\"https:\/\/www.santacroceweb.com\/giornale1\/wp-content\/uploads\/2013\/04\/644472_601315966547791_593373355_n2-300x218.jpg 300w, https:\/\/www.santacroceweb.com\/giornale1\/wp-content\/uploads\/2013\/04\/644472_601315966547791_593373355_n2-768x559.jpg 768w, https:\/\/www.santacroceweb.com\/giornale1\/wp-content\/uploads\/2013\/04\/644472_601315966547791_593373355_n2.jpg 938w\" sizes=\"(max-width: 300px) 100vw, 300px\" \/><\/a><\/p>\n","protected":false},"excerpt":{"rendered":"<p>&#8220;In ambito di servizi sociali e assistenza ai disabili, l&#8217;Amministrazione Iurato \u00e8 la peggiore che io ricordi&#8221;. Piero Mandar\u00e0, ex assessore comunale e provinciale alle Politiche Sociali e leader del movimento &#8216;Tutti x Santa Croce&#8217;, prende spunto dall&#8217;intervento in aula dell&#8217;assessore al ramo, Rosalba Varcadipane, per esternare grande amarezza sulla questione &#8216;Don Gnocchi&#8217;. La casa-famiglia, [&hellip;]<\/p>\n","protected":false},"author":34,"featured_media":3911,"comment_status":"open","ping_status":"open","sticky":false,"template":"","format":"standard","meta":{"footnotes":""},"categories":[8,1,4,11],"tags":[],"class_list":["post-3884","post","type-post","status-publish","format-standard","has-post-thumbnail","hentry","category-attualita","category-news","category-politica","category-primopiano"],"_links":{"self":[{"href":"https:\/\/www.santacroceweb.com\/index.php\/wp-json\/wp\/v2\/posts\/3884","targetHints":{"allow":["GET"]}}],"collection":[{"href":"https:\/\/www.santacroceweb.com\/index.php\/wp-json\/wp\/v2\/posts"}],"about":[{"href":"https:\/\/www.santacroceweb.com\/index.php\/wp-json\/wp\/v2\/types\/post"}],"author":[{"embeddable":true,"href":"https:\/\/www.santacroceweb.com\/index.php\/wp-json\/wp\/v2\/users\/34"}],"replies":[{"embeddable":true,"href":"https:\/\/www.santacroceweb.com\/index.php\/wp-json\/wp\/v2\/comments?post=3884"}],"version-history":[{"count":0,"href":"https:\/\/www.santacroceweb.com\/index.php\/wp-json\/wp\/v2\/posts\/3884\/revisions"}],"wp:featuredmedia":[{"embeddable":true,"href":"https:\/\/www.santacroceweb.com\/index.php\/wp-json\/wp\/v2\/media\/3911"}],"wp:attachment":[{"href":"https:\/\/www.santacroceweb.com\/index.php\/wp-json\/wp\/v2\/media?parent=3884"}],"wp:term":[{"taxonomy":"category","embeddable":true,"href":"https:\/\/www.santacroceweb.com\/index.php\/wp-json\/wp\/v2\/categories?post=3884"},{"taxonomy":"post_tag","embeddable":true,"href":"https:\/\/www.santacroceweb.com\/index.php\/wp-json\/wp\/v2\/tags?post=3884"}],"curies":[{"name":"wp","href":"https:\/\/api.w.org\/{rel}","templated":true}]}}