{"id":38890,"date":"2016-06-08T10:25:00","date_gmt":"2016-06-08T08:25:00","guid":{"rendered":"http:\/\/www.santacroceweb.com\/giornale1\/?p=38890"},"modified":"2016-06-08T10:25:00","modified_gmt":"2016-06-08T08:25:00","slug":"acate-contrasto-alle-attivita-di-spaccio-i-carabinieri-arrestano-un-pregiudicato-di-30-anni","status":"publish","type":"post","link":"https:\/\/www.santacroceweb.com\/index.php\/2016\/06\/08\/acate-contrasto-alle-attivita-di-spaccio-i-carabinieri-arrestano-un-pregiudicato-di-30-anni\/","title":{"rendered":"<font color=red>Acate &#8211;<\/font> Contrasto alle attivit\u00e0 di spaccio, i carabinieri arrestano un pregiudicato di 30 anni"},"content":{"rendered":"<p style=\"text-align: justify;\">Prosegue ininterrotta l\u2019attivit\u00e0 di prevenzione e di repressione dei reati nel territorio della giurisdizione della Compagnia Carabinieri di Vittoria (RG), nell\u2019ambito dei servizi straordinari di controllo predisposti dal Comandante Provinciale di Ragusa al fine di reprimere ogni tipologia di reato, specie quelli legati allo spaccio di sostanze stupefacenti tra i giovani, commessi nei principali luoghi di loro aggregazione.<\/p>\n<p style=\"text-align: justify;\">L\u2019intenso lavoro, in stretta collaborazione con la Procura della Repubblica presso il Tribunale ibleo, ha consentito, nella mattinata di oggi, ad Acate, in occasione di numerose perquisizioni, e in particolar modo nei pressi di istituti scolastici, di trarre in arresto, in ottemperanza all\u2019ordine di esecuzione per la carcerazione, il 30enne M.M..<\/p>\n<p style=\"text-align: justify;\">L\u2019esecuzione, finalizzata all\u2019applicazione della misura limitativa della libert\u00e0 personale, impone al pregiudicato di scontare la pena residua di 28 giorni di reclusione, dal momento che \u00e8 stato giudicato colpevole del reato di detenzione ai fini di spaccio di sostanze stupefacenti, commesso nel febbraio e nel maggio 2011 ad Acate, quando era stato \u201cpizzicato\u201d dai militari mentre cedeva delle dosi di marijuana ad alcuni giovani del luogo.<\/p>\n<p style=\"text-align: justify;\">L\u2019uomo, ben noto ai militari dell\u2019Arma che lo avevano gi\u00e0 deferito in stato di libert\u00e0 in passato per analoghi reati commessi in territorio ipparino, \u00e8 stato rimesso in libert\u00e0 su disposizione del sostituto procuratore presso il Tribunale ibleo, dott. Rota, per i provvedimenti di competenza.<\/p>\n<p style=\"text-align: justify;\">\n<p style=\"text-align: justify;\">\n","protected":false},"excerpt":{"rendered":"<p>Prosegue ininterrotta l\u2019attivit\u00e0 di prevenzione e di repressione dei reati nel territorio della giurisdizione della Compagnia Carabinieri di Vittoria (RG), nell\u2019ambito dei servizi straordinari di controllo predisposti dal Comandante Provinciale di Ragusa al fine di reprimere ogni tipologia di reato, specie quelli legati allo spaccio di sostanze stupefacenti tra i giovani, commessi nei principali luoghi [&hellip;]<\/p>\n","protected":false},"author":34,"featured_media":0,"comment_status":"open","ping_status":"open","sticky":false,"template":"","format":"standard","meta":{"footnotes":""},"categories":[12],"tags":[],"class_list":["post-38890","post","type-post","status-publish","format-standard","hentry","category-breaking"],"_links":{"self":[{"href":"https:\/\/www.santacroceweb.com\/index.php\/wp-json\/wp\/v2\/posts\/38890","targetHints":{"allow":["GET"]}}],"collection":[{"href":"https:\/\/www.santacroceweb.com\/index.php\/wp-json\/wp\/v2\/posts"}],"about":[{"href":"https:\/\/www.santacroceweb.com\/index.php\/wp-json\/wp\/v2\/types\/post"}],"author":[{"embeddable":true,"href":"https:\/\/www.santacroceweb.com\/index.php\/wp-json\/wp\/v2\/users\/34"}],"replies":[{"embeddable":true,"href":"https:\/\/www.santacroceweb.com\/index.php\/wp-json\/wp\/v2\/comments?post=38890"}],"version-history":[{"count":0,"href":"https:\/\/www.santacroceweb.com\/index.php\/wp-json\/wp\/v2\/posts\/38890\/revisions"}],"wp:attachment":[{"href":"https:\/\/www.santacroceweb.com\/index.php\/wp-json\/wp\/v2\/media?parent=38890"}],"wp:term":[{"taxonomy":"category","embeddable":true,"href":"https:\/\/www.santacroceweb.com\/index.php\/wp-json\/wp\/v2\/categories?post=38890"},{"taxonomy":"post_tag","embeddable":true,"href":"https:\/\/www.santacroceweb.com\/index.php\/wp-json\/wp\/v2\/tags?post=38890"}],"curies":[{"name":"wp","href":"https:\/\/api.w.org\/{rel}","templated":true}]}}