{"id":38974,"date":"2016-06-09T19:34:03","date_gmt":"2016-06-09T17:34:03","guid":{"rendered":"http:\/\/www.santacroceweb.com\/giornale1\/?p=38974"},"modified":"2016-06-09T19:34:03","modified_gmt":"2016-06-09T17:34:03","slug":"la-caserma-puo-rifarsi-il-look-arrivano-400mila-euro-dalla-regione","status":"publish","type":"post","link":"https:\/\/www.santacroceweb.com\/index.php\/2016\/06\/09\/la-caserma-puo-rifarsi-il-look-arrivano-400mila-euro-dalla-regione\/","title":{"rendered":"La Caserma pu\u00f2 rifarsi il look: arrivano 400mila euro dalla Regione"},"content":{"rendered":"<p style=\"text-align: justify;\">L&#8217;assessorato regionale alle Infrastrutture ha pubblicato il Decreto del Dirigente generale (n. 1254 del 31 maggio 2016) contenente la graduatoria di finanziamento le istanze ammissibili e non ammissibili relative al bando pubblico per interventi di recupero finalizzati al miglioramento della qualit\u00e0 della vita e dei servizi pubblici urbani, nei comuni della Regione Siciliana. Molti sono i progetti che riguarderanno la provincia di Ragusa. Al comune di Giarratana, andranno oltre 2 milioni di euro per un totale di tre progetti che riguardano la ristrutturazione dell&#8217;edificio delle suore francescane dell&#8217;Immacolata Concezione (710mila \u20ac), il risanamento della chiesa di San Bartolomeo (800mila \u20ac), la riqualificazione della caserma dei Carabinieri (560mila \u20ac). Poco pi\u00f9 di un milione e 30mila euro per il comune di Comiso, su due progetti, il restauro conservativo della cupola della chiesa Maria SS. Annunziata e il primo stralcio esecutivo della rifunzionalizzazione dei locali del convento. Poco meno di 1 milione e 600mila euro andranno a Scicli, met\u00e0 per il consolidamento e il restauro della chiesa di Santa Maria del Ges\u00f9 e l&#8217;altra met\u00e0 per manutenere l&#8217;edificio Francesco Mormino Penna. Al comune di Ragusa 400mila euro per la sostituzione e il recupero degli infissi esterni presso la caserma dei Carabinieri. Altri 400mila euro, invece, sono destinati\u00a0per l&#8217;adeguamento della caserma dei Carabinieri di Santa Croce Camerina in piazza G.B. II Celestri. Il sindaco Franca Iurato, dopo aver letto il\u00a0decreto, ha commentato con entusiasmo: &#8220;Si tratta di una bellissima notizia. Abbiamo sempre percorso la strada pi\u00f9 percorribile, che portava dritta alla riqualificazione della caserma. Parliamo di un immobile di propriet\u00e0 del Comune, in dotazione ai Carabinieri per un canone quasi irrisorio. Grazie a questo progetto l&#8217;edificio sar\u00e0\u00a0oggetto di manutenzione straordinaria e adeguamento alle norme&#8221;.<\/p>\n<p style=\"text-align: justify;\">\n","protected":false},"excerpt":{"rendered":"<p>L&#8217;assessorato regionale alle Infrastrutture ha pubblicato il Decreto del Dirigente generale (n. 1254 del 31 maggio 2016) contenente la graduatoria di finanziamento le istanze ammissibili e non ammissibili relative al bando pubblico per interventi di recupero finalizzati al miglioramento della qualit\u00e0 della vita e dei servizi pubblici urbani, nei comuni della Regione Siciliana. Molti sono [&hellip;]<\/p>\n","protected":false},"author":34,"featured_media":38975,"comment_status":"open","ping_status":"open","sticky":false,"template":"","format":"standard","meta":{"footnotes":""},"categories":[8],"tags":[],"class_list":["post-38974","post","type-post","status-publish","format-standard","has-post-thumbnail","hentry","category-attualita"],"_links":{"self":[{"href":"https:\/\/www.santacroceweb.com\/index.php\/wp-json\/wp\/v2\/posts\/38974","targetHints":{"allow":["GET"]}}],"collection":[{"href":"https:\/\/www.santacroceweb.com\/index.php\/wp-json\/wp\/v2\/posts"}],"about":[{"href":"https:\/\/www.santacroceweb.com\/index.php\/wp-json\/wp\/v2\/types\/post"}],"author":[{"embeddable":true,"href":"https:\/\/www.santacroceweb.com\/index.php\/wp-json\/wp\/v2\/users\/34"}],"replies":[{"embeddable":true,"href":"https:\/\/www.santacroceweb.com\/index.php\/wp-json\/wp\/v2\/comments?post=38974"}],"version-history":[{"count":0,"href":"https:\/\/www.santacroceweb.com\/index.php\/wp-json\/wp\/v2\/posts\/38974\/revisions"}],"wp:featuredmedia":[{"embeddable":true,"href":"https:\/\/www.santacroceweb.com\/index.php\/wp-json\/wp\/v2\/media\/38975"}],"wp:attachment":[{"href":"https:\/\/www.santacroceweb.com\/index.php\/wp-json\/wp\/v2\/media?parent=38974"}],"wp:term":[{"taxonomy":"category","embeddable":true,"href":"https:\/\/www.santacroceweb.com\/index.php\/wp-json\/wp\/v2\/categories?post=38974"},{"taxonomy":"post_tag","embeddable":true,"href":"https:\/\/www.santacroceweb.com\/index.php\/wp-json\/wp\/v2\/tags?post=38974"}],"curies":[{"name":"wp","href":"https:\/\/api.w.org\/{rel}","templated":true}]}}