{"id":39085,"date":"2016-06-14T12:09:32","date_gmt":"2016-06-14T10:09:32","guid":{"rendered":"http:\/\/www.santacroceweb.com\/giornale1\/?p=39085"},"modified":"2016-06-16T14:25:29","modified_gmt":"2016-06-16T12:25:29","slug":"caso-loris-la-perizia-della-difesa-una-sagoma-nera-nellauto-di-veronica","status":"publish","type":"post","link":"https:\/\/www.santacroceweb.com\/index.php\/2016\/06\/14\/caso-loris-la-perizia-della-difesa-una-sagoma-nera-nellauto-di-veronica\/","title":{"rendered":"Caso Loris, la perizia della difesa: &#8220;Una sagoma nera nell&#8217;auto di Veronica&#8221;"},"content":{"rendered":"<p style=\"text-align: justify;\">Quando Veronica Panarello rientra a casa, prima dell&#8217;omicidio di Loris, sul sedile posteriore della sua auto compare una &#8220;sagoma scura&#8221;. Secondo la difesa, che ha presentato una perizia, si tratterebbe di un uomo. A darne notizia \u00e8 la trasmissione Quarto Grado, andata in onda su Rete 4. Immediato il collegamento al suocero di Veronica, Andrea Stival, che nei mesi scorsi \u00e8 stato chiamato in correit\u00e0 proprio dalla mamma di Loris: &#8220;E&#8217; stato lui a uccidere il mio bambino, perch\u00e9 Loris minacciava di rivelare al padre la nostra relazione&#8221; ha ribadito pi\u00f9 volte la Panarello. E&#8217; stato il suo avvocato difensore, Francesco Villardita, a mostrare il fotogramma, durante la puntata di venerd\u00ec sera,\u00a0direttamente dal proprio cellulare. E, ha approfittato dell&#8217;occasione, per ribadire come la Procura contesti il risultato della perizia e ritenga\u00a0la sagoma &#8220;frutto di un errore&#8221;. Potrebbe trattarsi, infatti, di una mera illusione ottica. Villardita ha preferito non pronunciarsi, ma ha specificato che &#8220;per i miei consulenti quella sagoma \u00e8 di un uomo. Per la mia assistita quell&#8217;uomo \u00e8 il suocero&#8221;. L&#8217;immagine potrebbe essere utilizzata nel corso del processo e, in caso di valutazione positiva,\u00a0darebbe una sterzata all&#8217;intera vicenda in cui fin qui l&#8217;unica imputata per omicidio premeditato \u00e8 la Panarello. La prima udienza si terr\u00e0 il 20 giugno.<\/p>\n","protected":false},"excerpt":{"rendered":"<p>Quando Veronica Panarello rientra a casa, prima dell&#8217;omicidio di Loris, sul sedile posteriore della sua auto compare una &#8220;sagoma scura&#8221;. Secondo la difesa, che ha presentato una perizia, si tratterebbe di un uomo. A darne notizia \u00e8 la trasmissione Quarto Grado, andata in onda su Rete 4. Immediato il collegamento al suocero di Veronica, Andrea [&hellip;]<\/p>\n","protected":false},"author":34,"featured_media":39086,"comment_status":"open","ping_status":"open","sticky":false,"template":"","format":"standard","meta":{"footnotes":""},"categories":[7],"tags":[],"class_list":["post-39085","post","type-post","status-publish","format-standard","has-post-thumbnail","hentry","category-cronaca"],"_links":{"self":[{"href":"https:\/\/www.santacroceweb.com\/index.php\/wp-json\/wp\/v2\/posts\/39085","targetHints":{"allow":["GET"]}}],"collection":[{"href":"https:\/\/www.santacroceweb.com\/index.php\/wp-json\/wp\/v2\/posts"}],"about":[{"href":"https:\/\/www.santacroceweb.com\/index.php\/wp-json\/wp\/v2\/types\/post"}],"author":[{"embeddable":true,"href":"https:\/\/www.santacroceweb.com\/index.php\/wp-json\/wp\/v2\/users\/34"}],"replies":[{"embeddable":true,"href":"https:\/\/www.santacroceweb.com\/index.php\/wp-json\/wp\/v2\/comments?post=39085"}],"version-history":[{"count":0,"href":"https:\/\/www.santacroceweb.com\/index.php\/wp-json\/wp\/v2\/posts\/39085\/revisions"}],"wp:featuredmedia":[{"embeddable":true,"href":"https:\/\/www.santacroceweb.com\/index.php\/wp-json\/wp\/v2\/media\/39086"}],"wp:attachment":[{"href":"https:\/\/www.santacroceweb.com\/index.php\/wp-json\/wp\/v2\/media?parent=39085"}],"wp:term":[{"taxonomy":"category","embeddable":true,"href":"https:\/\/www.santacroceweb.com\/index.php\/wp-json\/wp\/v2\/categories?post=39085"},{"taxonomy":"post_tag","embeddable":true,"href":"https:\/\/www.santacroceweb.com\/index.php\/wp-json\/wp\/v2\/tags?post=39085"}],"curies":[{"name":"wp","href":"https:\/\/api.w.org\/{rel}","templated":true}]}}