{"id":3926,"date":"2013-04-25T17:09:08","date_gmt":"2013-04-25T15:09:08","guid":{"rendered":"http:\/\/www.santacroceweb.com\/giornale1\/?p=3926"},"modified":"2013-04-25T18:48:28","modified_gmt":"2013-04-25T16:48:28","slug":"igiene-e-decoro-urbano-fra-via-alloro-e-via-rapisardi-lappello-di-salvatore-mandara","status":"publish","type":"post","link":"https:\/\/www.santacroceweb.com\/index.php\/2013\/04\/25\/igiene-e-decoro-urbano-fra-via-alloro-e-via-rapisardi-lappello-di-salvatore-mandara\/","title":{"rendered":"Igiene e decoro urbano assenti fra via Alloro e via Rapisardi: l&#8217;appello di Salvatore Mandar\u00e0"},"content":{"rendered":"<p style=\"text-align: justify;\">&#8220;Cos\u00ec mi segnalano diversi cittadini santacrocesi residenti e cos\u00ec mi corre l&#8217;obbligo di evidenziare e portare a conoscenza dell&#8217; amministrazione comunale. Via Alloro e via Mario Rapisardi, rappresentano un nodo viario trafficato da centinaia di autovetture e cittadini durante il giorno. In questo piccolissimo tratto viario insistono un centro dermatologico convenzionato con il servizio sanitario nazionale, un importante sindacato di categoria, un ufficio di consulenza fiscale e tributario, il centro pastorale Giovanni Paolo ll, la fermata del bus-navetta, un bed and breakfast, una fontanella pubblica dove decine di cittadini prelevano l&#8217;acqua sia per bere che per cucinare, la cassetta postale, la residenza di un esponente di spicco del movimento dei forconi e di un ex candidato a Sindaco (oggi componente di un&#8217; importante associazione politico-culturale) e non per ultimo, ma perch\u00e9 ritengo che sia pi\u00f9 importante, il luogo di lavoro della seconda carica istituzionale della citt\u00e0: il presidente del consiglio comunale di S.Croce Camerina. Allora mi chiedono e vi chiedo: l&#8217;igiene, il decoro urbano, il rispetto della segnaletica stradale \u00e8 un&#8217;aspettativa del cittadino o un diritto? Avere il coraggio di segnalare, evidenziare e perch\u00e9 no denunciare \u00e9 un dovere civico di tutti noi&#8221;.<\/p>\n<p style=\"text-align: right;\"><strong>Il coordinatore provinciale di FareAmbiente Salvatore Mandar\u00e0<\/strong><\/p>\n<p style=\"text-align: center;\"><a href=\"https:\/\/www.santacroceweb.com\/giornale1\/wp-content\/uploads\/2013\/04\/32630_601497923196262_1670294650_n2.jpg\"><img fetchpriority=\"high\" decoding=\"async\" class=\"aligncenter size-medium wp-image-3939 lazyload\" title=\"32630_601497923196262_1670294650_n[2]\" src=\"data:image\/gif;base64,R0lGODlhAQABAAAAACH5BAEKAAEALAAAAAABAAEAAAICTAEAOw==\" data-src=\"https:\/\/www.santacroceweb.com\/giornale1\/wp-content\/uploads\/2013\/04\/32630_601497923196262_1670294650_n2-300x224.jpg\" alt=\"\" width=\"300\" height=\"224\" data-sizes=\"auto\" data-srcset=\"https:\/\/www.santacroceweb.com\/giornale1\/wp-content\/uploads\/2013\/04\/32630_601497923196262_1670294650_n2-300x224.jpg 300w, https:\/\/www.santacroceweb.com\/giornale1\/wp-content\/uploads\/2013\/04\/32630_601497923196262_1670294650_n2-768x574.jpg 768w, https:\/\/www.santacroceweb.com\/giornale1\/wp-content\/uploads\/2013\/04\/32630_601497923196262_1670294650_n2-86x64.jpg 86w, https:\/\/www.santacroceweb.com\/giornale1\/wp-content\/uploads\/2013\/04\/32630_601497923196262_1670294650_n2.jpg 960w\" sizes=\"(max-width: 300px) 100vw, 300px\" \/><\/a><\/p>\n<p style=\"text-align: center;\"><a href=\"https:\/\/www.santacroceweb.com\/giornale1\/wp-content\/uploads\/2013\/04\/551469_601498156529572_1663838955_n11.jpg\"><img decoding=\"async\" class=\"aligncenter size-medium wp-image-3940 lazyload\" title=\"551469_601498156529572_1663838955_n[1]\" src=\"data:image\/gif;base64,R0lGODlhAQABAAAAACH5BAEKAAEALAAAAAABAAEAAAICTAEAOw==\" data-src=\"https:\/\/www.santacroceweb.com\/giornale1\/wp-content\/uploads\/2013\/04\/551469_601498156529572_1663838955_n11-300x224.jpg\" alt=\"\" width=\"300\" height=\"224\" data-sizes=\"auto\" data-srcset=\"https:\/\/www.santacroceweb.com\/giornale1\/wp-content\/uploads\/2013\/04\/551469_601498156529572_1663838955_n11-300x224.jpg 300w, https:\/\/www.santacroceweb.com\/giornale1\/wp-content\/uploads\/2013\/04\/551469_601498156529572_1663838955_n11-768x574.jpg 768w, https:\/\/www.santacroceweb.com\/giornale1\/wp-content\/uploads\/2013\/04\/551469_601498156529572_1663838955_n11-86x64.jpg 86w, https:\/\/www.santacroceweb.com\/giornale1\/wp-content\/uploads\/2013\/04\/551469_601498156529572_1663838955_n11.jpg 960w\" sizes=\"(max-width: 300px) 100vw, 300px\" \/><\/a><\/p>\n","protected":false},"excerpt":{"rendered":"<p>&#8220;Cos\u00ec mi segnalano diversi cittadini santacrocesi residenti e cos\u00ec mi corre l&#8217;obbligo di evidenziare e portare a conoscenza dell&#8217; amministrazione comunale. Via Alloro e via Mario Rapisardi, rappresentano un nodo viario trafficato da centinaia di autovetture e cittadini durante il giorno. In questo piccolissimo tratto viario insistono un centro dermatologico convenzionato con il servizio sanitario [&hellip;]<\/p>\n","protected":false},"author":34,"featured_media":3927,"comment_status":"open","ping_status":"open","sticky":false,"template":"","format":"standard","meta":{"footnotes":""},"categories":[8,1],"tags":[],"class_list":["post-3926","post","type-post","status-publish","format-standard","has-post-thumbnail","hentry","category-attualita","category-news"],"_links":{"self":[{"href":"https:\/\/www.santacroceweb.com\/index.php\/wp-json\/wp\/v2\/posts\/3926","targetHints":{"allow":["GET"]}}],"collection":[{"href":"https:\/\/www.santacroceweb.com\/index.php\/wp-json\/wp\/v2\/posts"}],"about":[{"href":"https:\/\/www.santacroceweb.com\/index.php\/wp-json\/wp\/v2\/types\/post"}],"author":[{"embeddable":true,"href":"https:\/\/www.santacroceweb.com\/index.php\/wp-json\/wp\/v2\/users\/34"}],"replies":[{"embeddable":true,"href":"https:\/\/www.santacroceweb.com\/index.php\/wp-json\/wp\/v2\/comments?post=3926"}],"version-history":[{"count":0,"href":"https:\/\/www.santacroceweb.com\/index.php\/wp-json\/wp\/v2\/posts\/3926\/revisions"}],"wp:featuredmedia":[{"embeddable":true,"href":"https:\/\/www.santacroceweb.com\/index.php\/wp-json\/wp\/v2\/media\/3927"}],"wp:attachment":[{"href":"https:\/\/www.santacroceweb.com\/index.php\/wp-json\/wp\/v2\/media?parent=3926"}],"wp:term":[{"taxonomy":"category","embeddable":true,"href":"https:\/\/www.santacroceweb.com\/index.php\/wp-json\/wp\/v2\/categories?post=3926"},{"taxonomy":"post_tag","embeddable":true,"href":"https:\/\/www.santacroceweb.com\/index.php\/wp-json\/wp\/v2\/tags?post=3926"}],"curies":[{"name":"wp","href":"https:\/\/api.w.org\/{rel}","templated":true}]}}