{"id":39291,"date":"2016-06-18T22:15:39","date_gmt":"2016-06-18T20:15:39","guid":{"rendered":"http:\/\/www.santacroceweb.com\/giornale1\/?p=39291"},"modified":"2020-05-10T14:51:34","modified_gmt":"2020-05-10T12:51:34","slug":"una-porzione-di-spiaggia-per-le-uova-di-tarty-resteranno-li-45-60-giorni-foto","status":"publish","type":"post","link":"https:\/\/www.santacroceweb.com\/index.php\/2016\/06\/18\/una-porzione-di-spiaggia-per-le-uova-di-tarty-resteranno-li-45-60-giorni-foto\/","title":{"rendered":"Una porzione di spiaggia per le uova di Tarty: resteranno l\u00ec 45-60 giorni <font color=red>FOTO<\/font>"},"content":{"rendered":"<p style=\"text-align: justify;\">Una porzione di spiaggia del Palmento, per 45-60 giorni, sar\u00e0 il nido esclusivo della uova di Tarty, l\u2019esemplare di tartaruga Caretta Caretta che nella notte fra venerd\u00ec e sabato ha deposto l\u00ec le sue \u201ccreature\u201d. Ci troviamo a 6-7 metri dal mare, a ridosso del muro che delimita l\u2019arenile. In prossimit\u00e0 di via Saragat, a Punta Secca. Si tratta di un evento eccezionale, che nel pomeriggio di sabato ha richiamato l\u2019attenzione di molta gente: dal sindaco Franca Iurato, presente sul posto, alla Ripartizione Faunistico-Venatoria, che ha inviato a Punta Secca alcuni tecnici della federazione Pro Natura Catania e Ragusa per valutare il fenomeno e decidere sul da farsi. L\u2019area \u00e8 stata transennata dalla Protezione Civile di Santa Croce e messa al riparo da possibili incursioni. L\u2019obiettivo primario \u00e8 preservare il nido e non esporlo ai predatori o alla curiosit\u00e0 delle persone.<\/p>\n<p style=\"text-align: justify;\">Le uova si schiuderanno entro due mesi, ma dovranno farlo nel loro spazio vitale, cio\u00e8 quello in cui sono state deposte (e poi coperte) dalla madre. \u201cIl nido, al momento, \u00e8 nelle condizioni pi\u00f9 naturali che possano esistere \u2013 spiegano i tecnici di Pro Natura -, ma bisogna fare\u00a0attenzione a possibili mareggiate. Se non ci fosse stato il muro a ostacolarne il tragitto, la tartaruga le avrebbe deposte a una distanza ragionevole dalla battigia e non ci sarebbero stati rischi\u201d. All\u2019arrivo del dottor Alfano, massima autorit\u00e0 della Ripartizione Faunistico-Venatoria di Ragusa, si \u00e8 deciso di non spostare il nido. Non \u00e8 escluso che ci\u00f2 avvenga nei prossimi giorni (e all&#8217;imbrunire), ma solo in caso di emergenza dettata dal mutamento delle condizioni climatiche.<\/p>\n<p style=\"text-align: justify;\">\u201cMi sono subito attivata perch\u00e9 questi esemplari mi stanno a cuore\u201d ha spiegato il sindaco Iurato. La Caretta Caretta \u00e8 un esemplare di tartaruga a rischio estinzione, soprattutto nel bacino del Mediterraneo. Di solito torna a deporre le uova nello stesso luogo in cui \u00e8 nata: \u201cMi piace pensare che sia cos\u00ec anche stavolta \u2013 dice il primo cittadino \u2013, 30 o 40 anni fa Punta Secca era molto diversa, sicuramente pi\u00f9 incontaminata, rispetto a oggi. E\u2019 un evento bellissimo e raccomando a tutti di vigilare su queste piccole creature\u201d. Avviso ai naviganti: evitate di avvicinarvi troppo e sensibilizzate gli altri a fare lo stesso. Fra un paio di mesi le uova (ce ne sono almeno un centinaio) potranno schiudersi e le tartarughine prenderanno la via del mare.<\/p>\n<div id='gallery-1' class='gallery galleryid-39291 gallery-columns-3 gallery-size-thumbnail'><figure class='gallery-item'>\n\t\t\t<div class='gallery-icon landscape'>\n\t\t\t\t<a href='https:\/\/www.santacroceweb.com\/img-20160618-wa0012\/'><img decoding=\"async\" width=\"150\" height=\"150\" src=\"https:\/\/www.santacroceweb.com\/giornale1\/wp-content\/uploads\/2016\/06\/IMG-20160618-WA0012.jpg\" class=\"attachment-thumbnail size-thumbnail jl-lazyload lazyload\" alt=\"\" data-src=\"https:\/\/www.santacroceweb.com\/giornale1\/wp-content\/uploads\/2016\/06\/IMG-20160618-WA0012-150x150.jpg\" \/><\/a>\n\t\t\t<\/div><\/figure><figure class='gallery-item'>\n\t\t\t<div class='gallery-icon landscape'>\n\t\t\t\t<a href='https:\/\/www.santacroceweb.com\/img-20160618-wa0011\/'><img decoding=\"async\" width=\"150\" height=\"150\" src=\"https:\/\/www.santacroceweb.com\/giornale1\/wp-content\/uploads\/2016\/06\/IMG-20160618-WA0011.jpg\" class=\"attachment-thumbnail size-thumbnail jl-lazyload lazyload\" alt=\"\" data-src=\"https:\/\/www.santacroceweb.com\/giornale1\/wp-content\/uploads\/2016\/06\/IMG-20160618-WA0011-150x150.jpg\" \/><\/a>\n\t\t\t<\/div><\/figure><figure class='gallery-item'>\n\t\t\t<div class='gallery-icon landscape'>\n\t\t\t\t<a href='https:\/\/www.santacroceweb.com\/img-20160618-wa0008\/'><img decoding=\"async\" width=\"150\" height=\"150\" src=\"https:\/\/www.santacroceweb.com\/giornale1\/wp-content\/uploads\/2016\/06\/IMG-20160618-WA0008.jpg\" class=\"attachment-thumbnail size-thumbnail jl-lazyload lazyload\" alt=\"\" data-src=\"https:\/\/www.santacroceweb.com\/giornale1\/wp-content\/uploads\/2016\/06\/IMG-20160618-WA0008-150x150.jpg\" \/><\/a>\n\t\t\t<\/div><\/figure><figure class='gallery-item'>\n\t\t\t<div class='gallery-icon landscape'>\n\t\t\t\t<a href='https:\/\/www.santacroceweb.com\/20160618_154203\/'><img loading=\"lazy\" decoding=\"async\" width=\"150\" height=\"150\" src=\"https:\/\/www.santacroceweb.com\/giornale1\/wp-content\/uploads\/2016\/06\/20160618_154203.jpg\" class=\"attachment-thumbnail size-thumbnail jl-lazyload lazyload\" alt=\"\" data-src=\"https:\/\/www.santacroceweb.com\/giornale1\/wp-content\/uploads\/2016\/06\/20160618_154203-150x150.jpg\" \/><\/a>\n\t\t\t<\/div><\/figure><figure class='gallery-item'>\n\t\t\t<div class='gallery-icon landscape'>\n\t\t\t\t<a href='https:\/\/www.santacroceweb.com\/20160618_153948\/'><img loading=\"lazy\" decoding=\"async\" width=\"150\" height=\"150\" src=\"https:\/\/www.santacroceweb.com\/giornale1\/wp-content\/uploads\/2016\/06\/20160618_153948.jpg\" class=\"attachment-thumbnail size-thumbnail jl-lazyload lazyload\" alt=\"\" data-src=\"https:\/\/www.santacroceweb.com\/giornale1\/wp-content\/uploads\/2016\/06\/20160618_153948-150x150.jpg\" \/><\/a>\n\t\t\t<\/div><\/figure><figure class='gallery-item'>\n\t\t\t<div class='gallery-icon landscape'>\n\t\t\t\t<a href='https:\/\/www.santacroceweb.com\/20160618_153855\/'><img loading=\"lazy\" decoding=\"async\" width=\"150\" height=\"150\" src=\"https:\/\/www.santacroceweb.com\/giornale1\/wp-content\/uploads\/2016\/06\/20160618_153855.jpg\" class=\"attachment-thumbnail size-thumbnail jl-lazyload lazyload\" alt=\"\" data-src=\"https:\/\/www.santacroceweb.com\/giornale1\/wp-content\/uploads\/2016\/06\/20160618_153855-150x150.jpg\" \/><\/a>\n\t\t\t<\/div><\/figure><figure class='gallery-item'>\n\t\t\t<div class='gallery-icon landscape'>\n\t\t\t\t<a href='https:\/\/www.santacroceweb.com\/20160618_153758\/'><img loading=\"lazy\" decoding=\"async\" width=\"150\" height=\"150\" src=\"https:\/\/www.santacroceweb.com\/giornale1\/wp-content\/uploads\/2016\/06\/20160618_153758.jpg\" class=\"attachment-thumbnail size-thumbnail jl-lazyload lazyload\" alt=\"\" data-src=\"https:\/\/www.santacroceweb.com\/giornale1\/wp-content\/uploads\/2016\/06\/20160618_153758-150x150.jpg\" \/><\/a>\n\t\t\t<\/div><\/figure><figure class='gallery-item'>\n\t\t\t<div class='gallery-icon landscape'>\n\t\t\t\t<a href='https:\/\/www.santacroceweb.com\/index.php\/2016\/06\/18\/una-tartaruga-caretta-caretta-depone-le-uova-sulla-spiaggia-di-p-secca\/10-26\/'><img loading=\"lazy\" decoding=\"async\" width=\"150\" height=\"150\" src=\"https:\/\/www.santacroceweb.com\/giornale1\/wp-content\/uploads\/2016\/06\/101.jpg\" class=\"attachment-thumbnail size-thumbnail jl-lazyload lazyload\" alt=\"\" data-src=\"https:\/\/www.santacroceweb.com\/giornale1\/wp-content\/uploads\/2016\/06\/101-150x150.jpg\" \/><\/a>\n\t\t\t<\/div><\/figure><figure class='gallery-item'>\n\t\t\t<div class='gallery-icon landscape'>\n\t\t\t\t<a href='https:\/\/www.santacroceweb.com\/index.php\/2016\/06\/18\/una-tartaruga-caretta-caretta-depone-le-uova-sulla-spiaggia-di-p-secca\/2-98\/'><img loading=\"lazy\" decoding=\"async\" width=\"150\" height=\"150\" src=\"https:\/\/www.santacroceweb.com\/giornale1\/wp-content\/uploads\/2016\/06\/213.jpg\" class=\"attachment-thumbnail size-thumbnail jl-lazyload lazyload\" alt=\"\" data-src=\"https:\/\/www.santacroceweb.com\/giornale1\/wp-content\/uploads\/2016\/06\/213-150x150.jpg\" \/><\/a>\n\t\t\t<\/div><\/figure>\n\t\t<\/div>\n\n","protected":false},"excerpt":{"rendered":"<p>Una porzione di spiaggia del Palmento, per 45-60 giorni, sar\u00e0 il nido esclusivo della uova di Tarty, l\u2019esemplare di tartaruga Caretta Caretta che nella notte fra venerd\u00ec e sabato ha deposto l\u00ec le sue \u201ccreature\u201d. Ci troviamo a 6-7 metri dal mare, a ridosso del muro che delimita l\u2019arenile. In prossimit\u00e0 di via Saragat, a [&hellip;]<\/p>\n","protected":false},"author":11,"featured_media":39282,"comment_status":"open","ping_status":"open","sticky":false,"template":"","format":"gallery","meta":{"footnotes":""},"categories":[8,11],"tags":[],"class_list":["post-39291","post","type-post","status-publish","format-gallery","has-post-thumbnail","hentry","category-attualita","category-primopiano","post_format-post-format-gallery"],"_links":{"self":[{"href":"https:\/\/www.santacroceweb.com\/index.php\/wp-json\/wp\/v2\/posts\/39291","targetHints":{"allow":["GET"]}}],"collection":[{"href":"https:\/\/www.santacroceweb.com\/index.php\/wp-json\/wp\/v2\/posts"}],"about":[{"href":"https:\/\/www.santacroceweb.com\/index.php\/wp-json\/wp\/v2\/types\/post"}],"author":[{"embeddable":true,"href":"https:\/\/www.santacroceweb.com\/index.php\/wp-json\/wp\/v2\/users\/11"}],"replies":[{"embeddable":true,"href":"https:\/\/www.santacroceweb.com\/index.php\/wp-json\/wp\/v2\/comments?post=39291"}],"version-history":[{"count":0,"href":"https:\/\/www.santacroceweb.com\/index.php\/wp-json\/wp\/v2\/posts\/39291\/revisions"}],"wp:featuredmedia":[{"embeddable":true,"href":"https:\/\/www.santacroceweb.com\/index.php\/wp-json\/wp\/v2\/media\/39282"}],"wp:attachment":[{"href":"https:\/\/www.santacroceweb.com\/index.php\/wp-json\/wp\/v2\/media?parent=39291"}],"wp:term":[{"taxonomy":"category","embeddable":true,"href":"https:\/\/www.santacroceweb.com\/index.php\/wp-json\/wp\/v2\/categories?post=39291"},{"taxonomy":"post_tag","embeddable":true,"href":"https:\/\/www.santacroceweb.com\/index.php\/wp-json\/wp\/v2\/tags?post=39291"}],"curies":[{"name":"wp","href":"https:\/\/api.w.org\/{rel}","templated":true}]}}