{"id":39776,"date":"2016-06-30T13:22:58","date_gmt":"2016-06-30T11:22:58","guid":{"rendered":"http:\/\/www.santacroceweb.com\/giornale1\/?p=39776"},"modified":"2016-07-01T10:24:05","modified_gmt":"2016-07-01T08:24:05","slug":"il-maltempo-ha-fatto-le-sue-vittime-a-punta-secca-i-cellulari-sono-morti","status":"publish","type":"post","link":"https:\/\/www.santacroceweb.com\/index.php\/2016\/06\/30\/il-maltempo-ha-fatto-le-sue-vittime-a-punta-secca-i-cellulari-sono-morti\/","title":{"rendered":"Il maltempo ha fatto le sue vittime: &#8220;A Punta Secca i cellulari sono morti&#8221;"},"content":{"rendered":"<p style=\"text-align: justify;\">Per i malati di smartphone sono tempi duri: connettersi a Facebook in riva al mare e spiare il profilo del vicino d&#8217;ombrellone \u00e8 diventato un problema enorme. Da quasi una settimana Punta Secca vive nel &#8220;terrore&#8221; di ritrovarsi senza linea telefonica. Il segnale emesso dai ripetitori\u00a0\u00e8 ai minimi storici. La situazione \u00e8 mutata improvvisamente dopo il temporale di venerd\u00ec scorso, che probabilmente ha causato un guasto. Tutti gli operatori telefonici non riescono a garantire una copertura adeguata,\u00a0ma il problema riguarda soprattutto la Tim. &#8220;Il segnale va e viene, \u00e8 impossibile connettersi a Internet tramite rete 3G, ma anche fare e ricevere telefonate. La cosa danneggia noi &#8211; spiega un commerciante &#8211; ma anche i turisti che vogliono chiamare\u00a0a casa. I disagi sono tanti e nessuno, finora, ha provveduto a segnalare&#8221;. &#8220;A casa mia, nella zona di Punta Secca nuova, non si riesce a telefonare&#8221; spiega una villeggiante. Ma \u00e8 il maltempo o c&#8217;\u00e8 dell&#8217;altro? Qualcuno sostiene che durante la posa della fibra ottica, che negli ultimi mesi ha trasformato Santa Croce in un cantiere a cielo aperto, qualche cavo possa essere stato danneggiato in &#8220;modo grave&#8221; e servir\u00e0 ancora un po&#8217; di tempo &#8220;per tornare alla normalit\u00e0&#8221;.\u00a0L&#8217;auspicio di tutti \u00e8 che si corra presto ai ripari per rimettere Punta Secca in collegamento col resto del mondo.<\/p>\n","protected":false},"excerpt":{"rendered":"<p>Per i malati di smartphone sono tempi duri: connettersi a Facebook in riva al mare e spiare il profilo del vicino d&#8217;ombrellone \u00e8 diventato un problema enorme. Da quasi una settimana Punta Secca vive nel &#8220;terrore&#8221; di ritrovarsi senza linea telefonica. Il segnale emesso dai ripetitori\u00a0\u00e8 ai minimi storici. La situazione \u00e8 mutata improvvisamente dopo [&hellip;]<\/p>\n","protected":false},"author":34,"featured_media":7148,"comment_status":"open","ping_status":"open","sticky":false,"template":"","format":"standard","meta":{"footnotes":""},"categories":[8,11],"tags":[],"class_list":["post-39776","post","type-post","status-publish","format-standard","has-post-thumbnail","hentry","category-attualita","category-primopiano"],"_links":{"self":[{"href":"https:\/\/www.santacroceweb.com\/index.php\/wp-json\/wp\/v2\/posts\/39776","targetHints":{"allow":["GET"]}}],"collection":[{"href":"https:\/\/www.santacroceweb.com\/index.php\/wp-json\/wp\/v2\/posts"}],"about":[{"href":"https:\/\/www.santacroceweb.com\/index.php\/wp-json\/wp\/v2\/types\/post"}],"author":[{"embeddable":true,"href":"https:\/\/www.santacroceweb.com\/index.php\/wp-json\/wp\/v2\/users\/34"}],"replies":[{"embeddable":true,"href":"https:\/\/www.santacroceweb.com\/index.php\/wp-json\/wp\/v2\/comments?post=39776"}],"version-history":[{"count":0,"href":"https:\/\/www.santacroceweb.com\/index.php\/wp-json\/wp\/v2\/posts\/39776\/revisions"}],"wp:featuredmedia":[{"embeddable":true,"href":"https:\/\/www.santacroceweb.com\/index.php\/wp-json\/wp\/v2\/media\/7148"}],"wp:attachment":[{"href":"https:\/\/www.santacroceweb.com\/index.php\/wp-json\/wp\/v2\/media?parent=39776"}],"wp:term":[{"taxonomy":"category","embeddable":true,"href":"https:\/\/www.santacroceweb.com\/index.php\/wp-json\/wp\/v2\/categories?post=39776"},{"taxonomy":"post_tag","embeddable":true,"href":"https:\/\/www.santacroceweb.com\/index.php\/wp-json\/wp\/v2\/tags?post=39776"}],"curies":[{"name":"wp","href":"https:\/\/api.w.org\/{rel}","templated":true}]}}