{"id":41184,"date":"2016-08-10T11:16:07","date_gmt":"2016-08-10T09:16:07","guid":{"rendered":"http:\/\/www.santacroceweb.com\/giornale1\/?p=41184"},"modified":"2016-08-10T20:40:40","modified_gmt":"2016-08-10T18:40:40","slug":"tra-tradizione-cultura-e-devozione-ritorna-la-festa-in-onore-al-santo-patrono-s-giovanni-battista","status":"publish","type":"post","link":"https:\/\/www.santacroceweb.com\/index.php\/2016\/08\/10\/tra-tradizione-cultura-e-devozione-ritorna-la-festa-in-onore-al-santo-patrono-s-giovanni-battista\/","title":{"rendered":"<font color=red>Ragusa &#8211;<\/font color> Fra tradizione, cultura e devozione: ritorna la festa in onore al Santo Patrono S. Giovanni Battista"},"content":{"rendered":"<p style=\"text-align: justify;\">Come ogni anno, dal 20 al 29 agosto, San Giovanni Battista sar\u00e0 il \u201cprotagonista\u201d dell\u2019intera citt\u00e0 di Ragusa, che lo venera come proprio Patrono e taumaturgo. Gi\u00e0 la sera del 19, dopo la Messa vespertina , il simulacro del Battista , costruito nel 1861, verr\u00e0 traslato dalla cappella di venerazione al transetto sinistro vicino l&#8217;Abside per la venerazione dei fedeli , a da l\u00ec partir\u00e0 il programma della festa patronale. Grazie al contributo dell&#8217;Assesorato allo Spettacolo e dei numerosi sponsor, anche la festa esterna 2016 verr\u00e0 arricchita da diversi eventi culturali, che si aggiungeranno alla parte liturgica delle festivit\u00e0 quali il novenario spirituale (che va dal 20 al 28 agosto) e le solenni Processioni con il venerato simulacro del Battista e con l\u2019Urna Santa nei giorni 27, 28 e in particolare 29 agosto, giorno in cui la Chiesa ricorda il martirio del Santo per opera del monarca Erode.<\/p>\n<p style=\"text-align: justify;\">Fra gli eventi culturali principali sottolineamo:<br \/>\n\u2013 La mostra espositiva a Palazzo Garofalo (C\/so Italia 87), da domenica 21 in poi, giorno dell\u2019inaugurazione;<br \/>\n\u2013 L\u2019annuale rassegna teatrale in ricordo di Mons. Pennisi, con due commedie, nei giorni 26 e 27 agosto alle ore 21:30 in Piazza San Giovanni.<br \/>\nDomenica 26 sar\u00e0 caratterizzata, la mattina, dal raduno del \u201cCavallo Ibleo\u201d giunto alla XXIII edizione presso Via Roma, da dove partir\u00e0 alle ore 8:30, di fronte la Curia Vescovile, la sfilata di carretti siciliani e di cavalli nostrani per il centro storico; la sera, invece, dopo la processione, si esibiranno in Piazza San Giovanni, la cover dei Nomadi Samizdat e i comici de I Soldi Spicci. Lo spettacolo \u00e8 previsto per le ore 22:00. La Celebrazione pi\u00f9 importante in ambito liturgico ovviamente sar\u00e0 la Messa pontificale del 29 agosto officiata da S.E. il Vescovo mons. Carmelo Cuttitta, che inizier\u00e0 alle ore 11:00; concelebreranno molti dei Sacerdoti della diocesi, presenzieranno il Prefetto dr.ssa Carmela Librizzi, il Sindaco ing. Federico Piccitto gli assessori ed i vertici delle Forze di Polizia provinciali e locali.<\/p>\n<p style=\"text-align: justify;\">Un plauso va al Comitato festeggiamenti che si occupa dell&#8217;organizzazione e della cura di tutti quelli che sono gli aspetti della festa ; il gruppo \u00e8 composto ad oggi da sei giovani guidati dal Parroco della Chiesa Cattedrale Rev. don Girolamo Alessi e nello specifico sono: Simone Digrandi (portavoce e resp. per gli spettacoli), Fabrizio occhipinti (resp. per gli eventi culturali), Andrea Criscione (resp. per i fuochi pirotecnici e design della comunicazione), Salvatore Occhipinti (capovara e resp. dell&#8217;illuminazione artistica),Saro Prestipino (coordinatore dei volontari per la sicurezza) ed Enzo Cilia (resp. Affari generali), gli stessi ringraziano le autorit\u00e0 , i fedeli, i commercianti e i volontari tutti, per la buona riuscita delle festivit\u00e0 e raccomandano un certo ordine durante i cortei processionali in particolare quello solenne di luned\u00ec 29, sconsigliano vivamente ai devoti, l\u2019uso della cera gialla e raccomandano l\u2019uso di quella bianca .<br \/>\n<span style=\"text-decoration: underline; color: #ff0000;\"><strong><a style=\"color: #ff0000; text-decoration: underline;\" href=\"http:\/\/www.cattedralesangiovanni.it\/programma-sgb-2016.pdf\">Potete visualizzare l&#8217;intero programma cliccando qui<\/a><\/strong><\/span><\/p>\n","protected":false},"excerpt":{"rendered":"<p>Come ogni anno, dal 20 al 29 agosto, San Giovanni Battista sar\u00e0 il \u201cprotagonista\u201d dell\u2019intera citt\u00e0 di Ragusa, che lo venera come proprio Patrono e taumaturgo. Gi\u00e0 la sera del 19, dopo la Messa vespertina , il simulacro del Battista , costruito nel 1861, verr\u00e0 traslato dalla cappella di venerazione al transetto sinistro vicino l&#8217;Abside [&hellip;]<\/p>\n","protected":false},"author":27,"featured_media":41185,"comment_status":"open","ping_status":"open","sticky":false,"template":"","format":"standard","meta":{"footnotes":""},"categories":[12],"tags":[],"class_list":["post-41184","post","type-post","status-publish","format-standard","has-post-thumbnail","hentry","category-breaking"],"_links":{"self":[{"href":"https:\/\/www.santacroceweb.com\/index.php\/wp-json\/wp\/v2\/posts\/41184","targetHints":{"allow":["GET"]}}],"collection":[{"href":"https:\/\/www.santacroceweb.com\/index.php\/wp-json\/wp\/v2\/posts"}],"about":[{"href":"https:\/\/www.santacroceweb.com\/index.php\/wp-json\/wp\/v2\/types\/post"}],"author":[{"embeddable":true,"href":"https:\/\/www.santacroceweb.com\/index.php\/wp-json\/wp\/v2\/users\/27"}],"replies":[{"embeddable":true,"href":"https:\/\/www.santacroceweb.com\/index.php\/wp-json\/wp\/v2\/comments?post=41184"}],"version-history":[{"count":0,"href":"https:\/\/www.santacroceweb.com\/index.php\/wp-json\/wp\/v2\/posts\/41184\/revisions"}],"wp:featuredmedia":[{"embeddable":true,"href":"https:\/\/www.santacroceweb.com\/index.php\/wp-json\/wp\/v2\/media\/41185"}],"wp:attachment":[{"href":"https:\/\/www.santacroceweb.com\/index.php\/wp-json\/wp\/v2\/media?parent=41184"}],"wp:term":[{"taxonomy":"category","embeddable":true,"href":"https:\/\/www.santacroceweb.com\/index.php\/wp-json\/wp\/v2\/categories?post=41184"},{"taxonomy":"post_tag","embeddable":true,"href":"https:\/\/www.santacroceweb.com\/index.php\/wp-json\/wp\/v2\/tags?post=41184"}],"curies":[{"name":"wp","href":"https:\/\/api.w.org\/{rel}","templated":true}]}}