{"id":41257,"date":"2016-08-07T10:01:01","date_gmt":"2016-08-07T08:01:01","guid":{"rendered":"http:\/\/www.santacroceweb.com\/giornale1\/?p=41257"},"modified":"2016-08-07T10:01:01","modified_gmt":"2016-08-07T08:01:01","slug":"e-state-in-salute-una-giornata-contro-il-diabete-in-piazza-faro-a-punta-secca","status":"publish","type":"post","link":"https:\/\/www.santacroceweb.com\/index.php\/2016\/08\/07\/e-state-in-salute-una-giornata-contro-il-diabete-in-piazza-faro-a-punta-secca\/","title":{"rendered":"E&#8230;state in salute: una giornata contro il diabete in piazza Faro a Punta Secca"},"content":{"rendered":"<p style=\"text-align: justify;\">Si \u00e8 svolta a Punta Secca, sabato 6 agosto, la giornata dal titolo \u201cE&#8230;state In salute\u201d. Si \u00e8 trattato di un\u2019iniziativa finanziata con fondi dell&#8217;assessorato regionale alla Sanit\u00e0 e promossa dall\u2019Avs di Santa Croce, che ha avviato una campagna di sensibilizzazione sui temi legati alla terza alla terza et\u00e0 e alla salute, cui i concittadini e i tanti turisti presenti a Punta Secca hanno potuto aderire gratuitamente. Obiettivo e finalit\u00e0 del progetto \u00e8 il miglioramento della qualit\u00e0 della vita attraverso nutrizione e movimento.<\/p>\n<p style=\"text-align: justify;\">Infatti, all\u2019interno di un gazebo appositamente allestito di fronte al Faro e grazie alla sensibilit\u00e0 e all\u2019operato dei medici e dei volontari dell\u2019associazione Aiad di Ragusa (associazione italiana assistenza diabetici), del dott. Raffaele Schembari e del nutrizionista Giuseppe Poidomani, i villeggianti e i turisti hanno potuto effettuare uno screening gratuito sul diabete. &#8220;Di diabete non \u00e8 mai morto nessuno &#8211; ha dichiarato il dottor Raffaele Schembari -, si muore a causa delle complicanze di questa infida e silenziosa malattia. La percentuale nota \u00e8 elevata ma tanti ne sono portatori inconsapevoli. La prevenzione, attraverso il controllo anche grazie a queste iniziative \u00e8 importante&#8221;. Presenti all&#8217;iniziativa anche la dott.ssa Gianna Miceli, presidente dell&#8217;AIAD, il presidente dell&#8217; AVS, Rosario Sallemi, e il presidente CAVI, Gaetano Pernice, che con il loro contributo hanno testimoniato il loro impegno continuo e costante sulla problematica del diabete.<\/p>\n<div id='gallery-1' class='gallery galleryid-41257 gallery-columns-3 gallery-size-thumbnail'><figure class='gallery-item'>\n\t\t\t<div class='gallery-icon landscape'>\n\t\t\t\t<a href='https:\/\/www.santacroceweb.com\/index.php\/2016\/08\/07\/e-state-in-salute-una-giornata-contro-il-diabete-in-piazza-faro-a-punta-secca\/2-108\/'><img decoding=\"async\" width=\"150\" height=\"150\" src=\"https:\/\/www.santacroceweb.com\/giornale1\/wp-content\/uploads\/2016\/08\/21.jpg\" class=\"attachment-thumbnail size-thumbnail jl-lazyload lazyload\" alt=\"\" data-src=\"https:\/\/www.santacroceweb.com\/giornale1\/wp-content\/uploads\/2016\/08\/21-150x150.jpg\" \/><\/a>\n\t\t\t<\/div><\/figure><figure class='gallery-item'>\n\t\t\t<div class='gallery-icon landscape'>\n\t\t\t\t<a href='https:\/\/www.santacroceweb.com\/index.php\/2016\/08\/07\/e-state-in-salute-una-giornata-contro-il-diabete-in-piazza-faro-a-punta-secca\/3-72\/'><img decoding=\"async\" width=\"150\" height=\"150\" src=\"https:\/\/www.santacroceweb.com\/giornale1\/wp-content\/uploads\/2016\/08\/3.jpg\" class=\"attachment-thumbnail size-thumbnail jl-lazyload lazyload\" alt=\"\" data-src=\"https:\/\/www.santacroceweb.com\/giornale1\/wp-content\/uploads\/2016\/08\/3-150x150.jpg\" \/><\/a>\n\t\t\t<\/div><\/figure><figure class='gallery-item'>\n\t\t\t<div class='gallery-icon landscape'>\n\t\t\t\t<a href='https:\/\/www.santacroceweb.com\/index.php\/2016\/08\/07\/e-state-in-salute-una-giornata-contro-il-diabete-in-piazza-faro-a-punta-secca\/1-141\/'><img decoding=\"async\" width=\"150\" height=\"150\" src=\"https:\/\/www.santacroceweb.com\/giornale1\/wp-content\/uploads\/2016\/08\/11.jpg\" class=\"attachment-thumbnail size-thumbnail jl-lazyload lazyload\" alt=\"\" data-src=\"https:\/\/www.santacroceweb.com\/giornale1\/wp-content\/uploads\/2016\/08\/11-150x150.jpg\" \/><\/a>\n\t\t\t<\/div><\/figure>\n\t\t<\/div>\n\n","protected":false},"excerpt":{"rendered":"<p>Si \u00e8 svolta a Punta Secca, sabato 6 agosto, la giornata dal titolo \u201cE&#8230;state In salute\u201d. Si \u00e8 trattato di un\u2019iniziativa finanziata con fondi dell&#8217;assessorato regionale alla Sanit\u00e0 e promossa dall\u2019Avs di Santa Croce, che ha avviato una campagna di sensibilizzazione sui temi legati alla terza alla terza et\u00e0 e alla salute, cui i concittadini [&hellip;]<\/p>\n","protected":false},"author":34,"featured_media":41258,"comment_status":"open","ping_status":"open","sticky":false,"template":"","format":"standard","meta":{"footnotes":""},"categories":[8],"tags":[],"class_list":["post-41257","post","type-post","status-publish","format-standard","has-post-thumbnail","hentry","category-attualita"],"_links":{"self":[{"href":"https:\/\/www.santacroceweb.com\/index.php\/wp-json\/wp\/v2\/posts\/41257","targetHints":{"allow":["GET"]}}],"collection":[{"href":"https:\/\/www.santacroceweb.com\/index.php\/wp-json\/wp\/v2\/posts"}],"about":[{"href":"https:\/\/www.santacroceweb.com\/index.php\/wp-json\/wp\/v2\/types\/post"}],"author":[{"embeddable":true,"href":"https:\/\/www.santacroceweb.com\/index.php\/wp-json\/wp\/v2\/users\/34"}],"replies":[{"embeddable":true,"href":"https:\/\/www.santacroceweb.com\/index.php\/wp-json\/wp\/v2\/comments?post=41257"}],"version-history":[{"count":0,"href":"https:\/\/www.santacroceweb.com\/index.php\/wp-json\/wp\/v2\/posts\/41257\/revisions"}],"wp:featuredmedia":[{"embeddable":true,"href":"https:\/\/www.santacroceweb.com\/index.php\/wp-json\/wp\/v2\/media\/41258"}],"wp:attachment":[{"href":"https:\/\/www.santacroceweb.com\/index.php\/wp-json\/wp\/v2\/media?parent=41257"}],"wp:term":[{"taxonomy":"category","embeddable":true,"href":"https:\/\/www.santacroceweb.com\/index.php\/wp-json\/wp\/v2\/categories?post=41257"},{"taxonomy":"post_tag","embeddable":true,"href":"https:\/\/www.santacroceweb.com\/index.php\/wp-json\/wp\/v2\/tags?post=41257"}],"curies":[{"name":"wp","href":"https:\/\/api.w.org\/{rel}","templated":true}]}}