{"id":4155,"date":"2013-05-03T13:51:51","date_gmt":"2013-05-03T11:51:51","guid":{"rendered":"http:\/\/www.santacroceweb.com\/giornale1\/?p=4155"},"modified":"2013-05-03T13:52:30","modified_gmt":"2013-05-03T11:52:30","slug":"larte-dei-pavoni-contagia-i-politici-ma-e-meglio-ritirare-la-coda-per-evitare-di-essere-scoperti","status":"publish","type":"post","link":"https:\/\/www.santacroceweb.com\/index.php\/2013\/05\/03\/larte-dei-pavoni-contagia-i-politici-ma-e-meglio-ritirare-la-coda-per-evitare-di-essere-scoperti\/","title":{"rendered":"L&#8217;arte dei pavoni contagia i politici: ma \u00e8 meglio ritirare la coda per evitare di essere &#8220;scoperti&#8221;"},"content":{"rendered":"<p style=\"text-align: justify;\">\u201cLa mia mamma mi ha detto che sono bello\u201d, chiss\u00e0 quante volte abbiamo sentito un bambino pronunciare questa frase! Sulle labbra di un bambino fa sorridere, su quelle di un adulto sicuramente un po\u2019 meno. In quest\u2019ultimo periodo, talvolta a qualcuno dei nostri esponenti politici \u00e8 venuta la tentazione di ostentare la propria \u2018coda di pavone\u2019, soprattutto quando i mezzi di comunicazione si trasformano in palcoscenico su cui esibirsi, solleticando l\u2019umano istinto di essere un animale sociale. In effetti, \u00e8 un po&#8217; come il corteggiamento del pavone maschio alla femmina. Il maschio \u00e8 in concorrenza con gli altri del suo stesso sesso e sa che questi potrebbero portargli via le femmine. Perci\u00f2 esso fa in modo di sembrare il pi\u00f9 bello aprendo la coda e corteggiando le femmine. Alla fine una (o pi\u00f9) di esse lo noteranno e lo seguiranno. Lo stesso accade con l\u2019uomo, dove, per\u00f2 lo scopo non \u00e8 riprodursi ma semplicemente socializzare e liberarsi dal sentimento d\u2019inadeguatezza che porta all\u2019isolamento. Questo atto lo compiamo tutti in parte, ma c&#8217;\u00e8 chi aumenta la propria autostima a dismisura (mania di protagonismo), non tenendo in debito conto il quoziente intellettivo degli altri. Un esempio lo abbiamo avuto in questi giorni con l\u2019approvazione della legge finanziaria regionale. Consiglieri regionali che si affacciano ai balconi di Palazzo dei Normanni per riscuotere l\u2019applauso di chi in tanti modi, ma sempre con dignit\u00e0, ha voluto attirare l\u2019attenzione della politica sulla necessit\u00e0 della sopravvivenza; altri consiglieri regionali che escono dal Palazzo per abbracciare ed essere osannati, come se l\u2019approvazione di una norma fosse stata esclusivo merito proprio. Anche i fondi regionali destinati alla Provincia di Ragusa hanno solleticato qualcuno a volersi attribuire il merito della \u2018paternit\u00e0\u2019. I fondi destinati a Ibla, quelli destinati all\u2019aeroporto di Comiso, i contributi per il sostentamento delle attivit\u00e0 agricole, ecc. sono stati ottenuti grazie alla sinergia di tutta la deputazione iblea (Digiacomo, Assenza, Ragusa, Dipasquale, Ferreri), per cui \u00e8 meglio far scomparire \u2018la coda\u2019 prima che a qualcuno possa venire la curiosit\u00e0 di verificare \u2018cosa c\u2019\u00e8 sotto\u2019.<\/p>\n<p style=\"text-align: right;\"><strong>Ermocrate<\/strong><\/p>\n","protected":false},"excerpt":{"rendered":"<p>\u201cLa mia mamma mi ha detto che sono bello\u201d, chiss\u00e0 quante volte abbiamo sentito un bambino pronunciare questa frase! Sulle labbra di un bambino fa sorridere, su quelle di un adulto sicuramente un po\u2019 meno. In quest\u2019ultimo periodo, talvolta a qualcuno dei nostri esponenti politici \u00e8 venuta la tentazione di ostentare la propria \u2018coda di [&hellip;]<\/p>\n","protected":false},"author":34,"featured_media":4156,"comment_status":"open","ping_status":"open","sticky":false,"template":"","format":"standard","meta":{"footnotes":""},"categories":[8,1,4],"tags":[],"class_list":["post-4155","post","type-post","status-publish","format-standard","has-post-thumbnail","hentry","category-attualita","category-news","category-politica"],"_links":{"self":[{"href":"https:\/\/www.santacroceweb.com\/index.php\/wp-json\/wp\/v2\/posts\/4155","targetHints":{"allow":["GET"]}}],"collection":[{"href":"https:\/\/www.santacroceweb.com\/index.php\/wp-json\/wp\/v2\/posts"}],"about":[{"href":"https:\/\/www.santacroceweb.com\/index.php\/wp-json\/wp\/v2\/types\/post"}],"author":[{"embeddable":true,"href":"https:\/\/www.santacroceweb.com\/index.php\/wp-json\/wp\/v2\/users\/34"}],"replies":[{"embeddable":true,"href":"https:\/\/www.santacroceweb.com\/index.php\/wp-json\/wp\/v2\/comments?post=4155"}],"version-history":[{"count":0,"href":"https:\/\/www.santacroceweb.com\/index.php\/wp-json\/wp\/v2\/posts\/4155\/revisions"}],"wp:featuredmedia":[{"embeddable":true,"href":"https:\/\/www.santacroceweb.com\/index.php\/wp-json\/wp\/v2\/media\/4156"}],"wp:attachment":[{"href":"https:\/\/www.santacroceweb.com\/index.php\/wp-json\/wp\/v2\/media?parent=4155"}],"wp:term":[{"taxonomy":"category","embeddable":true,"href":"https:\/\/www.santacroceweb.com\/index.php\/wp-json\/wp\/v2\/categories?post=4155"},{"taxonomy":"post_tag","embeddable":true,"href":"https:\/\/www.santacroceweb.com\/index.php\/wp-json\/wp\/v2\/tags?post=4155"}],"curies":[{"name":"wp","href":"https:\/\/api.w.org\/{rel}","templated":true}]}}