{"id":41678,"date":"2016-08-16T12:15:47","date_gmt":"2016-08-16T10:15:47","guid":{"rendered":"http:\/\/www.santacroceweb.com\/giornale1\/?p=41678"},"modified":"2016-08-16T12:15:47","modified_gmt":"2016-08-16T10:15:47","slug":"caucana-trovato-un-delfino-morto-sulla-spiaggia-del-circolo-velico","status":"publish","type":"post","link":"https:\/\/www.santacroceweb.com\/index.php\/2016\/08\/16\/caucana-trovato-un-delfino-morto-sulla-spiaggia-del-circolo-velico\/","title":{"rendered":"Caucana, trovato un delfino morto sulla spiaggia del Circolo Velico"},"content":{"rendered":"<p style=\"text-align: justify;\">La solita passeggiata mattutina in riva al mare, ha riservato stavolta una brutta sorpresa al signor Sebastiano: nella spiaggia antistante il Circolo Velico di Caucana, infatti, si \u00e8 ritrovato di fronte un delfino arenato, della lunghezza di un metro circa. L&#8217;animale, morto, \u00e8 stato trascinato dalle correnti nel corso della notte. Immediatamente avvertite le autorit\u00e0 preposte per lo sgombero dell&#8217;area.<\/p>\n<figure id=\"attachment_41679\" aria-describedby=\"caption-attachment-41679\" style=\"width: 960px\" class=\"wp-caption alignnone\"><a href=\"https:\/\/www.santacroceweb.com\/giornale1\/wp-content\/uploads\/2016\/08\/delfino2.jpg\"><img fetchpriority=\"high\" decoding=\"async\" class=\"size-full wp-image-41679 lazyload\" src=\"data:image\/gif;base64,R0lGODlhAQABAAAAACH5BAEKAAEALAAAAAABAAEAAAICTAEAOw==\" data-src=\"https:\/\/www.santacroceweb.com\/giornale1\/wp-content\/uploads\/2016\/08\/delfino2.jpg\" alt=\"Foto di Sebastiano Bocchieri\" width=\"960\" height=\"720\" data-sizes=\"auto\" data-srcset=\"https:\/\/www.santacroceweb.com\/giornale1\/wp-content\/uploads\/2016\/08\/delfino2.jpg 960w, https:\/\/www.santacroceweb.com\/giornale1\/wp-content\/uploads\/2016\/08\/delfino2-300x225.jpg 300w, https:\/\/www.santacroceweb.com\/giornale1\/wp-content\/uploads\/2016\/08\/delfino2-768x576.jpg 768w, https:\/\/www.santacroceweb.com\/giornale1\/wp-content\/uploads\/2016\/08\/delfino2-86x64.jpg 86w\" sizes=\"(max-width: 960px) 100vw, 960px\" \/><\/a><figcaption id=\"caption-attachment-41679\" class=\"wp-caption-text\">Foto di Sebastiano Bocchieri<\/figcaption><\/figure>\n","protected":false},"excerpt":{"rendered":"<p>La solita passeggiata mattutina in riva al mare, ha riservato stavolta una brutta sorpresa al signor Sebastiano: nella spiaggia antistante il Circolo Velico di Caucana, infatti, si \u00e8 ritrovato di fronte un delfino arenato, della lunghezza di un metro circa. L&#8217;animale, morto, \u00e8 stato trascinato dalle correnti nel corso della notte. Immediatamente avvertite le autorit\u00e0 [&hellip;]<\/p>\n","protected":false},"author":34,"featured_media":41680,"comment_status":"open","ping_status":"open","sticky":false,"template":"","format":"standard","meta":{"footnotes":""},"categories":[7],"tags":[],"class_list":["post-41678","post","type-post","status-publish","format-standard","has-post-thumbnail","hentry","category-cronaca"],"_links":{"self":[{"href":"https:\/\/www.santacroceweb.com\/index.php\/wp-json\/wp\/v2\/posts\/41678","targetHints":{"allow":["GET"]}}],"collection":[{"href":"https:\/\/www.santacroceweb.com\/index.php\/wp-json\/wp\/v2\/posts"}],"about":[{"href":"https:\/\/www.santacroceweb.com\/index.php\/wp-json\/wp\/v2\/types\/post"}],"author":[{"embeddable":true,"href":"https:\/\/www.santacroceweb.com\/index.php\/wp-json\/wp\/v2\/users\/34"}],"replies":[{"embeddable":true,"href":"https:\/\/www.santacroceweb.com\/index.php\/wp-json\/wp\/v2\/comments?post=41678"}],"version-history":[{"count":0,"href":"https:\/\/www.santacroceweb.com\/index.php\/wp-json\/wp\/v2\/posts\/41678\/revisions"}],"wp:featuredmedia":[{"embeddable":true,"href":"https:\/\/www.santacroceweb.com\/index.php\/wp-json\/wp\/v2\/media\/41680"}],"wp:attachment":[{"href":"https:\/\/www.santacroceweb.com\/index.php\/wp-json\/wp\/v2\/media?parent=41678"}],"wp:term":[{"taxonomy":"category","embeddable":true,"href":"https:\/\/www.santacroceweb.com\/index.php\/wp-json\/wp\/v2\/categories?post=41678"},{"taxonomy":"post_tag","embeddable":true,"href":"https:\/\/www.santacroceweb.com\/index.php\/wp-json\/wp\/v2\/tags?post=41678"}],"curies":[{"name":"wp","href":"https:\/\/api.w.org\/{rel}","templated":true}]}}