{"id":42132,"date":"2016-08-31T14:56:29","date_gmt":"2016-08-31T12:56:29","guid":{"rendered":"http:\/\/www.santacroceweb.com\/giornale1\/?p=42132"},"modified":"2016-08-31T17:45:55","modified_gmt":"2016-08-31T15:45:55","slug":"lindiano-e-la-bambina-petralia-non-voleva-rapirla-solo-un-caso-mediatico","status":"publish","type":"post","link":"https:\/\/www.santacroceweb.com\/index.php\/2016\/08\/31\/lindiano-e-la-bambina-petralia-non-voleva-rapirla-solo-un-caso-mediatico\/","title":{"rendered":"L&#8217;indiano e la bambina, Petralia: &#8220;Non voleva rapirla, solo un caso mediatico&#8221;"},"content":{"rendered":"<p style=\"text-align: justify;\">In attesa del rimpatrio, previsto da un precedente decreto di espulsione da sempre ignorato, e di un processo in aula, Ram Lubhaya trascorre le sue giornate in un centro di accoglienza a Caltanissetta. Si tratta dell&#8217;indiano 43enne balzato agli onori della cronaca dopo Ferragosto per il presunto rapimento di una bambina di 5 anni sul lungomare di Scoglitti. Lubhaya, secondo l&#8217;iniziale accusa dei genitori e di alcuni testimoni, visibilmente alticcio, avrebbe preso in braccio\u00a0la piccola e l&#8217;avrebbe trascinata con s\u00e9 per un centinaio di metri, prima di essere intimato allo stop dai passanti e dai genitori stessi, impauriti. La cosa che ha fatto forse pi\u00f9 clamore del rapimento, per\u00f2, \u00e8 la mancata convalida del fermo (per ben due volte) da parte del pm Bisello, che, dopo averlo interrogato sette ore in procura, ha deciso di lasciare l&#8217;indiano a piede libero, seppur indagato per &#8220;tentato sequestro di persona&#8221;.<\/p>\n<p style=\"text-align: justify;\">Un caso che ha scombussolato tutta Italia: agli interventi critici di Meloni, Salvini e Gasparri, hanno fatto da contraltare, negli ultimi giorni, le versioni &#8220;aggiornate&#8221; di alcuni testimoni (secondo alcuni anche dei genitori) che garantirebbero di non aver mai visto la scena inizialmente descritta anche in un comunicato stampa delle forze dell&#8217;ordine. Dalle colonne di Repubblica, oggi, \u00e8 intervenuto il pubblico ministero presso la procura di Ragusa, Carmelo Petralia, che fa chiarezza sul caso: il gesto dell&#8217;indiano, secondo Petralia, era &#8220;senza secondi fini&#8221;.\u00a0Secondo il magistrato si \u00e8 trattato di un caso &#8220;nato da un improvvido comunicato stampa&#8221; e frutto di &#8220;una campagna mediatica&#8221;. Il\u00a0procuratore, che in quei giorni aveva polemizzato con il ministro della Giustizia Orlando, ritiene &#8220;tecnicamente sbagliato&#8221; il fermo operato dai carabinieri &#8220;per sequestro di persona&#8221;. L&#8217;ispezione ordinata dal ministero\u00a0&#8220;\u00e8 anche doverosa, ma su vicende cos\u00ec delicate si deve agire con serenit\u00e0 e non sull&#8217;onda di un&#8217;emotivit\u00e0 incontrollata&#8221;.<\/p>\n<p style=\"text-align: justify;\">E adesso che la bufera sembra passata, &#8220;il mio assistito \u00e8 un po&#8217; pi\u00f9 tranquillo. Si \u00e8 in parte rasserenato &#8211; spiega l&#8217;avvocato difensore Biagio Giudice -. Il mio auspicio che si possa chiarire tutto quanto prima e che il processo venga fatto dentro le aule di giustizia e non sui media&#8221;.<\/p>\n<figure id=\"attachment_41716\" aria-describedby=\"caption-attachment-41716\" style=\"width: 600px\" class=\"wp-caption alignnone\"><img fetchpriority=\"high\" decoding=\"async\" class=\"size-full wp-image-41716 lazyload\" src=\"data:image\/gif;base64,R0lGODlhAQABAAAAACH5BAEKAAEALAAAAAABAAEAAAICTAEAOw==\" data-src=\"https:\/\/www.santacroceweb.com\/giornale1\/wp-content\/uploads\/2016\/08\/Ram-lubhaya-cl.-73.jpg\" alt=\"Ram Lubhaya\" width=\"600\" height=\"823\" data-sizes=\"auto\" data-srcset=\"https:\/\/www.santacroceweb.com\/giornale1\/wp-content\/uploads\/2016\/08\/Ram-lubhaya-cl.-73.jpg 600w, https:\/\/www.santacroceweb.com\/giornale1\/wp-content\/uploads\/2016\/08\/Ram-lubhaya-cl.-73-219x300.jpg 219w\" sizes=\"(max-width: 600px) 100vw, 600px\" \/><figcaption id=\"caption-attachment-41716\" class=\"wp-caption-text\">Ram Lubhaya<\/figcaption><\/figure>\n","protected":false},"excerpt":{"rendered":"<p>In attesa del rimpatrio, previsto da un precedente decreto di espulsione da sempre ignorato, e di un processo in aula, Ram Lubhaya trascorre le sue giornate in un centro di accoglienza a Caltanissetta. Si tratta dell&#8217;indiano 43enne balzato agli onori della cronaca dopo Ferragosto per il presunto rapimento di una bambina di 5 anni sul [&hellip;]<\/p>\n","protected":false},"author":34,"featured_media":22312,"comment_status":"open","ping_status":"open","sticky":false,"template":"","format":"standard","meta":{"footnotes":""},"categories":[7,22],"tags":[],"class_list":["post-42132","post","type-post","status-publish","format-standard","has-post-thumbnail","hentry","category-cronaca","category-provincia"],"_links":{"self":[{"href":"https:\/\/www.santacroceweb.com\/index.php\/wp-json\/wp\/v2\/posts\/42132","targetHints":{"allow":["GET"]}}],"collection":[{"href":"https:\/\/www.santacroceweb.com\/index.php\/wp-json\/wp\/v2\/posts"}],"about":[{"href":"https:\/\/www.santacroceweb.com\/index.php\/wp-json\/wp\/v2\/types\/post"}],"author":[{"embeddable":true,"href":"https:\/\/www.santacroceweb.com\/index.php\/wp-json\/wp\/v2\/users\/34"}],"replies":[{"embeddable":true,"href":"https:\/\/www.santacroceweb.com\/index.php\/wp-json\/wp\/v2\/comments?post=42132"}],"version-history":[{"count":0,"href":"https:\/\/www.santacroceweb.com\/index.php\/wp-json\/wp\/v2\/posts\/42132\/revisions"}],"wp:featuredmedia":[{"embeddable":true,"href":"https:\/\/www.santacroceweb.com\/index.php\/wp-json\/wp\/v2\/media\/22312"}],"wp:attachment":[{"href":"https:\/\/www.santacroceweb.com\/index.php\/wp-json\/wp\/v2\/media?parent=42132"}],"wp:term":[{"taxonomy":"category","embeddable":true,"href":"https:\/\/www.santacroceweb.com\/index.php\/wp-json\/wp\/v2\/categories?post=42132"},{"taxonomy":"post_tag","embeddable":true,"href":"https:\/\/www.santacroceweb.com\/index.php\/wp-json\/wp\/v2\/tags?post=42132"}],"curies":[{"name":"wp","href":"https:\/\/api.w.org\/{rel}","templated":true}]}}