{"id":4217,"date":"2013-05-07T18:12:28","date_gmt":"2013-05-07T16:12:28","guid":{"rendered":"http:\/\/www.santacroceweb.com\/giornale1\/?p=4217"},"modified":"2013-05-08T18:07:10","modified_gmt":"2013-05-08T16:07:10","slug":"il-coro-dellunitre-di-santa-croce-applaudito-al-festival-dei-cori-di-sicilia-portiamo-da-noi-la-prossima-edizione","status":"publish","type":"post","link":"https:\/\/www.santacroceweb.com\/index.php\/2013\/05\/07\/il-coro-dellunitre-di-santa-croce-applaudito-al-festival-dei-cori-di-sicilia-portiamo-da-noi-la-prossima-edizione\/","title":{"rendered":"Il coro dell&#8217;Unitre di Santa Croce applaudito al Festival di Bagheria: &#8220;Da noi la prossima edizione&#8221;"},"content":{"rendered":"<p style=\"text-align: justify;\">Un weekend da incorniciare quello vissuto dal coro dell&#8217;Unitre di Santa Croce Camerina il 4 e 5 maggio 2013, in occasione del 5\u00b0 festival dei cori di Sicilia organizzato dall&#8217;Unitre di Bagheria presso il Teatro Golden di Palermo. Ad esibirsi 11 cori: Gela, Noto, Santa Croce Camerina, Augusta, Priolo, Modica, Pachino, Niscemi, Canicatt\u00ec, Catania e Bagheria. Apertura con l&#8217;inno di Mameli cantato da tutta la platea e chiusura della manifestazione con l&#8217;inno ufficiale dell&#8217;Unitre (inno alla vita), testo e musica del maestro Mario Marcone e arrangiamento del maestro Paolo Nativo.\u00a0Non \u00e8 stata una vera e propria competizione canora, ma se lo fosse stata sicuramente il coro dell&#8217;Universit\u00e0 della Terza et\u00e0 di Santa Croce diretto dal maestro Nativo, sarebbe stato il vincitore della kermesse per le esibizioni impeccabili. Il coro costituito da diciotto elementi, diretto dal Maestro Paolo Nativo, ha presentato 3 brani: un medley di brani arrangiato dal M. Nativo, la \u201cPiemontesina\u201d di Enrico Frati e Giovanni Raimondo e \u201cNann\u00ec\u201d di Franco Silvestri.\u00a0La manifestazione ha visto come ospiti la pianista Rayna Karjieva, il chitarrista Francesco Martorana e il Mago Tony, prestigiatore illusionista vincitore di ben tre edizioni del prestigioso concorso internazionale Masters of web di Saint Vincent. Grande soddisfazione anche da parte della presidente dell&#8217;Unitre di Santa Croce, Maria Rosa Vitale, che pensa gi\u00e0 al\u00a0futuro: &#8220;Noi siamo pronti ad ospitare il prossimo anno la manifestazione, a condizione che si inizi sin da ora a preparare l&#8217;evento e che sia sostenuto dall&#8217;amministrazione comunale e dall&#8217;aiuto di qualche sponsor. Alla manifestazione di Bagheria hanno assistito circa 700 persone, che hanno riempito la platea e hanno continuato ad incitare dall&#8217;inizio alla fine tutti i partecipanti. Al termine della kermesse tutti i partecipanti si sono recati a mangiare in un hotel da mille e una notte a Santa Flavia e si sono salutati con un augurio finale: &#8220;Il prossimo anno canteremo anche per Montalbano e i meravigliosi luoghi della provincia iblea&#8221;.<\/p>\n<p style=\"text-align: justify;\"><strong>Ecco i nomi dei coristi dell&#8217;Unitre di Santa Croce che hanno partecipato al Festival dei cori di Sicilia:<\/strong><br \/>\nVita Alderuccio, Tina Occhipinti, Pina Brullo, Lina Canto, Rosalba Cicuta, Concetta Di Lorenzo, Francesca Fichera, Giovanna Fidone, Carmen Paesano, Lina Perna, Sarina Poidomani, Luigina Rossi, Giuseppa Sallemi, Rosalia Susino, Pina Ferrero, Rosa Vitale, Francesco Cascone, Giovanni Garofalo.<\/p>\n<p style=\"text-align: right;\"><strong>Redazione<\/strong><\/p>\n<p style=\"text-align: center;\"><strong>Foto di arrgianf<\/strong><\/p>\n<p style=\"text-align: center;\"><a href=\"https:\/\/www.santacroceweb.com\/giornale1\/wp-content\/uploads\/2013\/05\/coro+Unitre+di+Santa+Croce+Camerina1.jpg\"><img fetchpriority=\"high\" decoding=\"async\" class=\"aligncenter size-medium wp-image-4219 lazyload\" title=\"coro+Unitre+di+Santa+Croce+Camerina[1]\" src=\"data:image\/gif;base64,R0lGODlhAQABAAAAACH5BAEKAAEALAAAAAABAAEAAAICTAEAOw==\" data-src=\"https:\/\/www.santacroceweb.com\/giornale1\/wp-content\/uploads\/2013\/05\/coro+Unitre+di+Santa+Croce+Camerina1-300x207.jpg\" alt=\"\" width=\"300\" height=\"207\" \/><\/a><\/p>\n<p style=\"text-align: center;\"><a href=\"https:\/\/www.santacroceweb.com\/giornale1\/wp-content\/uploads\/2013\/05\/375018_606837472662307_293068121_n1.jpg\"><img decoding=\"async\" class=\"aligncenter size-medium wp-image-4222 lazyload\" title=\"375018_606837472662307_293068121_n[1]\" src=\"data:image\/gif;base64,R0lGODlhAQABAAAAACH5BAEKAAEALAAAAAABAAEAAAICTAEAOw==\" data-src=\"https:\/\/www.santacroceweb.com\/giornale1\/wp-content\/uploads\/2013\/05\/375018_606837472662307_293068121_n1-300x131.jpg\" alt=\"\" width=\"300\" height=\"131\" data-sizes=\"auto\" data-srcset=\"https:\/\/www.santacroceweb.com\/giornale1\/wp-content\/uploads\/2013\/05\/375018_606837472662307_293068121_n1-300x131.jpg 300w, https:\/\/www.santacroceweb.com\/giornale1\/wp-content\/uploads\/2013\/05\/375018_606837472662307_293068121_n1-768x336.jpg 768w, https:\/\/www.santacroceweb.com\/giornale1\/wp-content\/uploads\/2013\/05\/375018_606837472662307_293068121_n1.jpg 960w\" sizes=\"(max-width: 300px) 100vw, 300px\" \/><\/a><\/p>\n<p style=\"text-align: center;\"><a href=\"https:\/\/www.santacroceweb.com\/giornale1\/wp-content\/uploads\/2013\/05\/coro1.jpg\"><img decoding=\"async\" class=\"aligncenter size-medium wp-image-4223 lazyload\" title=\"coro[1]\" src=\"data:image\/gif;base64,R0lGODlhAQABAAAAACH5BAEKAAEALAAAAAABAAEAAAICTAEAOw==\" data-src=\"https:\/\/www.santacroceweb.com\/giornale1\/wp-content\/uploads\/2013\/05\/coro1-199x300.jpg\" alt=\"\" width=\"199\" height=\"300\" \/><\/a><\/p>\n","protected":false},"excerpt":{"rendered":"<p>Un weekend da incorniciare quello vissuto dal coro dell&#8217;Unitre di Santa Croce Camerina il 4 e 5 maggio 2013, in occasione del 5\u00b0 festival dei cori di Sicilia organizzato dall&#8217;Unitre di Bagheria presso il Teatro Golden di Palermo. Ad esibirsi 11 cori: Gela, Noto, Santa Croce Camerina, Augusta, Priolo, Modica, Pachino, Niscemi, Canicatt\u00ec, Catania e [&hellip;]<\/p>\n","protected":false},"author":34,"featured_media":4218,"comment_status":"open","ping_status":"open","sticky":false,"template":"","format":"standard","meta":{"footnotes":""},"categories":[6,1,11],"tags":[],"class_list":["post-4217","post","type-post","status-publish","format-standard","has-post-thumbnail","hentry","category-culturaespettacolo","category-news","category-primopiano"],"_links":{"self":[{"href":"https:\/\/www.santacroceweb.com\/index.php\/wp-json\/wp\/v2\/posts\/4217","targetHints":{"allow":["GET"]}}],"collection":[{"href":"https:\/\/www.santacroceweb.com\/index.php\/wp-json\/wp\/v2\/posts"}],"about":[{"href":"https:\/\/www.santacroceweb.com\/index.php\/wp-json\/wp\/v2\/types\/post"}],"author":[{"embeddable":true,"href":"https:\/\/www.santacroceweb.com\/index.php\/wp-json\/wp\/v2\/users\/34"}],"replies":[{"embeddable":true,"href":"https:\/\/www.santacroceweb.com\/index.php\/wp-json\/wp\/v2\/comments?post=4217"}],"version-history":[{"count":0,"href":"https:\/\/www.santacroceweb.com\/index.php\/wp-json\/wp\/v2\/posts\/4217\/revisions"}],"wp:featuredmedia":[{"embeddable":true,"href":"https:\/\/www.santacroceweb.com\/index.php\/wp-json\/wp\/v2\/media\/4218"}],"wp:attachment":[{"href":"https:\/\/www.santacroceweb.com\/index.php\/wp-json\/wp\/v2\/media?parent=4217"}],"wp:term":[{"taxonomy":"category","embeddable":true,"href":"https:\/\/www.santacroceweb.com\/index.php\/wp-json\/wp\/v2\/categories?post=4217"},{"taxonomy":"post_tag","embeddable":true,"href":"https:\/\/www.santacroceweb.com\/index.php\/wp-json\/wp\/v2\/tags?post=4217"}],"curies":[{"name":"wp","href":"https:\/\/api.w.org\/{rel}","templated":true}]}}