{"id":42288,"date":"2016-09-07T13:50:13","date_gmt":"2016-09-07T11:50:13","guid":{"rendered":"http:\/\/www.santacroceweb.com\/giornale1\/?p=42288"},"modified":"2016-09-07T13:50:13","modified_gmt":"2016-09-07T11:50:13","slug":"ragusa-il-distretto-turistico-degli-iblei-ha-presentato-il-territorio-del-sud-est-della-sicilia-al-festival-internazionale-del-cinema-di-venezia","status":"publish","type":"post","link":"https:\/\/www.santacroceweb.com\/index.php\/2016\/09\/07\/ragusa-il-distretto-turistico-degli-iblei-ha-presentato-il-territorio-del-sud-est-della-sicilia-al-festival-internazionale-del-cinema-di-venezia\/","title":{"rendered":"<font color=red>Ragusa &#8211;<\/font color> Il Distretto Turistico degli iblei ha presentato il territorio del sud-est della Sicilia al festival internazionale del cinema di Venezia"},"content":{"rendered":"<p style=\"text-align: justify;\">\u201cIn Sicilia registriamo incrementi di presenze a due cifre. Gi\u00e0 dallo scorso anno ma ancora di pi\u00f9 nel 2016 record sfiorato. E i capofila di questa crescita sono le aree territoriali di Ragusa e Siracusa, cio\u00e8 le realt\u00e0 i cui ambiti ricadono nel comprensorio distrettuale. Abbiamo monumenti, mare, collina, tutto quello che pu\u00f2 attirare l\u2019attenzione dei visitatori.\u00a0Compreso l\u2019aeroporto di Comiso, infrastruttura eccezionale per favorire i collegamenti. Ma soprattutto abbiamo potuto contare su un veicolo promozionale di ampio respiro, la fiction tv Montalbano. Ed ecco perch\u00e9 a ottobre premieremo il produttore Carlo Degli Esposti con un apposito riconoscimento\u201d. E\u2019 questo, in sintesi, quanto dichiarato dal presidente del Distretto turistico degli Iblei, Giovanni Occhipinti, durante la presentazione, ieri sera, del Sud-Est siciliano in una cornice unica, la 73esima edizione del festival internazionale del cinema di Venezia. L\u2019occasione \u00e8 stata data dall\u2019intesa che il Distretto ha stretto con il festival internazionale del cinema di frontiera. Per questo motivo, durante la conferenza di presentazione su \u201cCinema e territorio\u201d tenutasi in Laguna, c\u2019erano anche il sindaco di Pachino, Roberto Bruno, e il direttore artistico della kermesse di Marzamemi, Nello Correale. \u201cAbbiamo avuto modo di promuovere il nostro territorio \u2013 aggiunge Occhipinti \u2013 in una cornice molto particolare, che si adatta tra l\u2019altro a quello che il nostro territorio riesce ad esprimere visto che, oltre a Montalbano, siamo riusciti, in pochi anni, a fare in modo, grazie a un sistema sinergico, che il territorio diventasse il set di numerose altre produzioni cinematografiche, nazionale ed internazionali. Tra l\u2019altro, la nostra presenza a Venezia ci ha permesso di incontrare anche Carlo Degli Esposti, il gran capo della Palomar, la societ\u00e0 di produzione di Montalbano, e Michele Riondino, l\u2019attore che interpreta il giovane commissario e che torner\u00e0 presto nel nostro territorio per interpretare i nuovi episodi mentre durante la prossima stagione invernale andranno in onda quelli di Montalbano interpretati da Zingaretti gi\u00e0 girati nelle scorse settimane\u201d. Il sindaco Bruno, poi, ha chiarito, durante la presentazione, che \u201cil nostro territorio viene a presentarsi non solo come festival ma anche per quello che di positivo il cinema ha saputo realizzare nella nostra area, come elemento di finalizzazione culturale ed economica. Ha saputo intercettare al meglio le grandi potenzialit\u00e0 della ricettivit\u00e0, non dimenticando la declinazione positiva del turismo che non \u00e8 quello di massa, non \u00e8 quello mordi e fuggi, quello che viene a depredare il nostro territorio, bens\u00ec quello che punta a valorizzare al meglio le nostre peculiarit\u00e0. A Venezia stiamo, dunque, veicolando il tema delle frontiere per raccontare un intero territorio, quello del Sud-Est della Sicilia, che comincia ad integrarsi al meglio per presentarsi nella maniera pi\u00f9 omogenea possibile\u201d.<\/p>\n<div id='gallery-1' class='gallery galleryid-42288 gallery-columns-3 gallery-size-thumbnail'><figure class='gallery-item'>\n\t\t\t<div class='gallery-icon portrait'>\n\t\t\t\t<a href='https:\/\/www.santacroceweb.com\/index.php\/2016\/09\/07\/ragusa-il-distretto-turistico-degli-iblei-ha-presentato-il-territorio-del-sud-est-della-sicilia-al-festival-internazionale-del-cinema-di-venezia\/distretto_2\/'><img decoding=\"async\" width=\"150\" height=\"150\" src=\"https:\/\/www.santacroceweb.com\/giornale1\/wp-content\/uploads\/2016\/09\/distretto_2.jpg\" class=\"attachment-thumbnail size-thumbnail jl-lazyload lazyload\" alt=\"\" data-src=\"https:\/\/www.santacroceweb.com\/giornale1\/wp-content\/uploads\/2016\/09\/distretto_2-150x150.jpg\" \/><\/a>\n\t\t\t<\/div><\/figure><figure class='gallery-item'>\n\t\t\t<div class='gallery-icon portrait'>\n\t\t\t\t<a href='https:\/\/www.santacroceweb.com\/index.php\/2016\/09\/07\/ragusa-il-distretto-turistico-degli-iblei-ha-presentato-il-territorio-del-sud-est-della-sicilia-al-festival-internazionale-del-cinema-di-venezia\/distretto_3\/'><img decoding=\"async\" width=\"150\" height=\"150\" src=\"https:\/\/www.santacroceweb.com\/giornale1\/wp-content\/uploads\/2016\/09\/distretto_3.jpg\" class=\"attachment-thumbnail size-thumbnail jl-lazyload lazyload\" alt=\"\" data-src=\"https:\/\/www.santacroceweb.com\/giornale1\/wp-content\/uploads\/2016\/09\/distretto_3-150x150.jpg\" \/><\/a>\n\t\t\t<\/div><\/figure>\n\t\t<\/div>\n\n","protected":false},"excerpt":{"rendered":"<p>\u201cIn Sicilia registriamo incrementi di presenze a due cifre. Gi\u00e0 dallo scorso anno ma ancora di pi\u00f9 nel 2016 record sfiorato. E i capofila di questa crescita sono le aree territoriali di Ragusa e Siracusa, cio\u00e8 le realt\u00e0 i cui ambiti ricadono nel comprensorio distrettuale. Abbiamo monumenti, mare, collina, tutto quello che pu\u00f2 attirare l\u2019attenzione [&hellip;]<\/p>\n","protected":false},"author":34,"featured_media":42289,"comment_status":"open","ping_status":"open","sticky":false,"template":"","format":"gallery","meta":{"footnotes":""},"categories":[12],"tags":[],"class_list":["post-42288","post","type-post","status-publish","format-gallery","has-post-thumbnail","hentry","category-breaking","post_format-post-format-gallery"],"_links":{"self":[{"href":"https:\/\/www.santacroceweb.com\/index.php\/wp-json\/wp\/v2\/posts\/42288","targetHints":{"allow":["GET"]}}],"collection":[{"href":"https:\/\/www.santacroceweb.com\/index.php\/wp-json\/wp\/v2\/posts"}],"about":[{"href":"https:\/\/www.santacroceweb.com\/index.php\/wp-json\/wp\/v2\/types\/post"}],"author":[{"embeddable":true,"href":"https:\/\/www.santacroceweb.com\/index.php\/wp-json\/wp\/v2\/users\/34"}],"replies":[{"embeddable":true,"href":"https:\/\/www.santacroceweb.com\/index.php\/wp-json\/wp\/v2\/comments?post=42288"}],"version-history":[{"count":0,"href":"https:\/\/www.santacroceweb.com\/index.php\/wp-json\/wp\/v2\/posts\/42288\/revisions"}],"wp:featuredmedia":[{"embeddable":true,"href":"https:\/\/www.santacroceweb.com\/index.php\/wp-json\/wp\/v2\/media\/42289"}],"wp:attachment":[{"href":"https:\/\/www.santacroceweb.com\/index.php\/wp-json\/wp\/v2\/media?parent=42288"}],"wp:term":[{"taxonomy":"category","embeddable":true,"href":"https:\/\/www.santacroceweb.com\/index.php\/wp-json\/wp\/v2\/categories?post=42288"},{"taxonomy":"post_tag","embeddable":true,"href":"https:\/\/www.santacroceweb.com\/index.php\/wp-json\/wp\/v2\/tags?post=42288"}],"curies":[{"name":"wp","href":"https:\/\/api.w.org\/{rel}","templated":true}]}}