{"id":42416,"date":"2016-09-10T11:18:32","date_gmt":"2016-09-10T09:18:32","guid":{"rendered":"http:\/\/www.santacroceweb.com\/giornale1\/?p=42416"},"modified":"2016-09-10T11:38:59","modified_gmt":"2016-09-10T09:38:59","slug":"a-punta-secca-parte-la-seconda-edizione-di-gazebook-il-programma-completo","status":"publish","type":"post","link":"https:\/\/www.santacroceweb.com\/index.php\/2016\/09\/10\/a-punta-secca-parte-la-seconda-edizione-di-gazebook-il-programma-completo\/","title":{"rendered":"A Punta Secca parte la seconda edizione di Gazebook: il programma"},"content":{"rendered":"<p style=\"text-align: justify;\">E&#8217; stato dato il via venerd\u00ec\u00a0sera alla seconda edizione di Gazebook, il Sicily Photobook Festival\u00a0che quest&#8217;anno presenta un programma ambizioso, con ospiti di rilievo internazionale, appuntamenti, workshop ed esposizioni fotografiche. La location per la seconda volta \u00e8 Punta Secca, dove si svolgeranno anche le giornate di sabato 10 e domenica 11 settembre 2016. Sicily Photobook Festival \u00e8 a cura dei fondatori Teresa Bellina, Simone Sapienza e Melissa Carnemolla, con la collaborazione di un comitato scientifico formato da professionisti, quali Maurizio Garofalo, Lina Pallotta, Chiara Oggioni Tiepolo e Colin Pantall. Talk e incontri hanno come protagonisti fotografi, curatori, piccoli e grandi editori che si sono distinti in ambito internazionale nel corso degli ultimi anni per il loro lavoro. Presenteranno al pubblico progetti e fotolibri, un\u2019opportunit\u00e0 importante per esperti e appassionati per capire le dinamiche contemporanee nel mondo editoriale, un momento di confronto e dialogo di grande livello con gli autori stessi dei progetti.<\/p>\n<p style=\"text-align: justify;\">L\u2019ospite pi\u00f9 atteso \u00e8 Martin Parr, fotografo Magnum con oltre novanta fotolibri pubblicati, che oggi \u00e8 uno dei principali punti di riferimento nella fotografia documentaria e nel mondo del fotolibro. I principali talk vedono la partecipazione di: Olivia Arthur, Martin Parr, Adam Broomberg, Laura El-Tantawy, Niccol\u00f2 Degiorgis, Francesca Seravalle, Federica Chiocchetti, Chiara Capodici, Andrea Copetti, Fiorenza Pinna, Michela Palermo, Klaus Pichler. Tra le mostre dei talenti emergenti: Pietro Firrincieli, Valentino Bellini e Eileen Quinn, Clementine Schneiderman, Esa Ylijaasko, Vaclav Tvaruzka. Photobook Bristol presenter\u00e0 una mostra dei dummy e dei fotolibri selezionati per il First\/Dummy Book Table 2016, questa mostra \u00e8 organizzata in collaborazione con Gibellina Photo Road. Un\u2019altra novit\u00e0 di questa seconda edizione di Gazebook sar\u00e0 lo spazio multimedia organizzato in collaborazione con Slideluck \u201cWhen photobooks make love with multimedia\u201d.<\/p>\n<p style=\"text-align: justify;\"><span style=\"color: #ff0000;\"><em><strong>(Foto di Vincenzo Gulino)<\/strong><\/em><\/span><\/p>\n<div id='gallery-1' class='gallery galleryid-42416 gallery-columns-3 gallery-size-thumbnail'><figure class='gallery-item'>\n\t\t\t<div class='gallery-icon landscape'>\n\t\t\t\t<a href='https:\/\/www.santacroceweb.com\/index.php\/2016\/09\/10\/a-punta-secca-parte-la-seconda-edizione-di-gazebook-il-programma-completo\/img_8342\/'><img decoding=\"async\" width=\"150\" height=\"150\" src=\"https:\/\/www.santacroceweb.com\/giornale1\/wp-content\/uploads\/2016\/09\/IMG_8342.jpg\" class=\"attachment-thumbnail size-thumbnail jl-lazyload lazyload\" alt=\"\" data-src=\"https:\/\/www.santacroceweb.com\/giornale1\/wp-content\/uploads\/2016\/09\/IMG_8342-150x150.jpg\" \/><\/a>\n\t\t\t<\/div><\/figure><figure class='gallery-item'>\n\t\t\t<div class='gallery-icon landscape'>\n\t\t\t\t<a href='https:\/\/www.santacroceweb.com\/index.php\/2016\/09\/10\/a-punta-secca-parte-la-seconda-edizione-di-gazebook-il-programma-completo\/img_8340\/'><img decoding=\"async\" width=\"150\" height=\"150\" src=\"https:\/\/www.santacroceweb.com\/giornale1\/wp-content\/uploads\/2016\/09\/IMG_8340.jpg\" class=\"attachment-thumbnail size-thumbnail jl-lazyload lazyload\" alt=\"\" data-src=\"https:\/\/www.santacroceweb.com\/giornale1\/wp-content\/uploads\/2016\/09\/IMG_8340-150x150.jpg\" \/><\/a>\n\t\t\t<\/div><\/figure><figure class='gallery-item'>\n\t\t\t<div class='gallery-icon portrait'>\n\t\t\t\t<a href='https:\/\/www.santacroceweb.com\/index.php\/2016\/09\/10\/a-punta-secca-parte-la-seconda-edizione-di-gazebook-il-programma-completo\/img_8335\/'><img decoding=\"async\" width=\"150\" height=\"150\" src=\"https:\/\/www.santacroceweb.com\/giornale1\/wp-content\/uploads\/2016\/09\/IMG_8335.jpg\" class=\"attachment-thumbnail size-thumbnail jl-lazyload lazyload\" alt=\"\" data-src=\"https:\/\/www.santacroceweb.com\/giornale1\/wp-content\/uploads\/2016\/09\/IMG_8335-150x150.jpg\" \/><\/a>\n\t\t\t<\/div><\/figure><figure class='gallery-item'>\n\t\t\t<div class='gallery-icon portrait'>\n\t\t\t\t<a href='https:\/\/www.santacroceweb.com\/index.php\/2016\/09\/10\/a-punta-secca-parte-la-seconda-edizione-di-gazebook-il-programma-completo\/img_8334\/'><img loading=\"lazy\" decoding=\"async\" width=\"150\" height=\"150\" src=\"https:\/\/www.santacroceweb.com\/giornale1\/wp-content\/uploads\/2016\/09\/IMG_8334.jpg\" class=\"attachment-thumbnail size-thumbnail jl-lazyload lazyload\" alt=\"\" data-src=\"https:\/\/www.santacroceweb.com\/giornale1\/wp-content\/uploads\/2016\/09\/IMG_8334-150x150.jpg\" \/><\/a>\n\t\t\t<\/div><\/figure>\n\t\t<\/div>\n\n<p style=\"text-align: center;\"><span style=\"text-decoration: underline; color: #ff0000;\"><strong>Programma completo di sabato e domenica<\/strong><\/span><\/p>\n<p style=\"text-align: justify;\"><strong>Sabato 10 Settembre 2016<\/strong><br \/>\n10.00 \/ Workshop 3\/3: The Structure of the Photobook<br \/>\n10.00 \/ Workshop Fishbar: From Image to Page<br \/>\n10.00 \/ Workshop Adam Broomberg: Dissidents &#8211; Teach yourself exile<br \/>\n16.00 \/ Book Launch &amp; Watermelon<br \/>\n16.30 \/ Lemonade with Maria Teresa Salvati: Introduzione al Personal Branding<br \/>\n17.00 \/ Lemonade with Colin Pantall: Story Spotting<br \/>\n17.30 \/ Lemonade with Lina Pallotta: Personal Narrative<br \/>\n19.00 \/ TALK Dibattito su Editoria e Distribuzione, con C. Capodici, A. Copetti, M. Palermo, F. Pinna.<br \/>\n20.00 \/ TALK Laura El-Tantawy: &#8220;In the Shadow of the Pyramids: identity, memory and revolution&#8221;<br \/>\n21.00 \/ DINNER SHARING Slideluck: Porta un pasto e condividiamo la cena!<br \/>\n22.00 \/ Proiezione SLIDELUCK GAZEBOOK: When Photobooks Make Love with Multimedia<br \/>\n23.30 \/ Party on the Beach @ Anticaglie: Funky Gramigna e Alberto Costa! \/ free entry<br \/>\n03.00 \/ Bagno di Mezzanotte: Midnight Swimming!<\/p>\n<p style=\"text-align: justify;\"><strong>Domenica 11 Settembre 2016<\/strong><br \/>\n10.00 \/ Workshop 3\/3: The Structure of the Photobook<br \/>\n10.00 \/ Workshop Fishbar: From Image to Page<br \/>\n10.00 \/ Workshop Adam Broomberg: Dissidents &#8211; Teach yourself exile<br \/>\n15.00 \/ Book Launch &amp; Watermelon<br \/>\n16.00 \/ Portfolio Drink Review<br \/>\n19.00 \/ TALK Archive &amp; Photobooks, con F. Chiocchetti, N. Degiorgis, F. Seravalle.<br \/>\n20.00 \/ TALK Klaus Pichler: &#8220;Personal Projects and Commercials: Push Your Boundaries!&#8221;<br \/>\n21.00 \/ TALK Martin Parr: &#8220;Martin Parr and his Photobooks&#8221;.<br \/>\n22.00 \/ Closure TALK &#8211; Turn the Lighthouse OFF: Grazie &amp; Saluti alla prossima edizione!<\/p>\n","protected":false},"excerpt":{"rendered":"<p>E&#8217; stato dato il via venerd\u00ec\u00a0sera alla seconda edizione di Gazebook, il Sicily Photobook Festival\u00a0che quest&#8217;anno presenta un programma ambizioso, con ospiti di rilievo internazionale, appuntamenti, workshop ed esposizioni fotografiche. La location per la seconda volta \u00e8 Punta Secca, dove si svolgeranno anche le giornate di sabato 10 e domenica 11 settembre 2016. Sicily Photobook [&hellip;]<\/p>\n","protected":false},"author":34,"featured_media":42417,"comment_status":"open","ping_status":"open","sticky":false,"template":"","format":"gallery","meta":{"footnotes":""},"categories":[6,11],"tags":[],"class_list":["post-42416","post","type-post","status-publish","format-gallery","has-post-thumbnail","hentry","category-culturaespettacolo","category-primopiano","post_format-post-format-gallery"],"_links":{"self":[{"href":"https:\/\/www.santacroceweb.com\/index.php\/wp-json\/wp\/v2\/posts\/42416","targetHints":{"allow":["GET"]}}],"collection":[{"href":"https:\/\/www.santacroceweb.com\/index.php\/wp-json\/wp\/v2\/posts"}],"about":[{"href":"https:\/\/www.santacroceweb.com\/index.php\/wp-json\/wp\/v2\/types\/post"}],"author":[{"embeddable":true,"href":"https:\/\/www.santacroceweb.com\/index.php\/wp-json\/wp\/v2\/users\/34"}],"replies":[{"embeddable":true,"href":"https:\/\/www.santacroceweb.com\/index.php\/wp-json\/wp\/v2\/comments?post=42416"}],"version-history":[{"count":0,"href":"https:\/\/www.santacroceweb.com\/index.php\/wp-json\/wp\/v2\/posts\/42416\/revisions"}],"wp:featuredmedia":[{"embeddable":true,"href":"https:\/\/www.santacroceweb.com\/index.php\/wp-json\/wp\/v2\/media\/42417"}],"wp:attachment":[{"href":"https:\/\/www.santacroceweb.com\/index.php\/wp-json\/wp\/v2\/media?parent=42416"}],"wp:term":[{"taxonomy":"category","embeddable":true,"href":"https:\/\/www.santacroceweb.com\/index.php\/wp-json\/wp\/v2\/categories?post=42416"},{"taxonomy":"post_tag","embeddable":true,"href":"https:\/\/www.santacroceweb.com\/index.php\/wp-json\/wp\/v2\/tags?post=42416"}],"curies":[{"name":"wp","href":"https:\/\/api.w.org\/{rel}","templated":true}]}}