{"id":43054,"date":"2016-09-30T10:03:50","date_gmt":"2016-09-30T08:03:50","guid":{"rendered":"http:\/\/www.santacroceweb.com\/giornale1\/?p=43054"},"modified":"2016-09-30T10:03:50","modified_gmt":"2016-09-30T08:03:50","slug":"calcio-il-santa-croce-si-lecca-le-ferite-col-ragusa-arbitro-non-allaltezza","status":"publish","type":"post","link":"https:\/\/www.santacroceweb.com\/index.php\/2016\/09\/30\/calcio-il-santa-croce-si-lecca-le-ferite-col-ragusa-arbitro-non-allaltezza\/","title":{"rendered":"Calcio, il Santa Croce si lecca le ferite: &#8220;Col Ragusa arbitro non all&#8217;altezza&#8221;"},"content":{"rendered":"<p style=\"text-align: justify;\">Il campo ha decretato la sconfitta del Santa Croce nella sfida contro il Citt\u00e0 di Ragusa nell\u2019andata del secondo turno di Coppa Italia di Promozione ma, nello stesso tempo, ha esaltato il collettivo della formazione biancoazzurra che, aldil\u00e0 di piccole sbavature e imperfezioni di qualche singolo, ha ancora fatto emergere un carattere di squadra matura e piena di risorse. Nella gara di ritorno c\u2019\u00e8 comunque ancora spazio per la conquista del passaggio del turno. Una sconfitta quindi che, sebbene pesante, ha avuto i connotati di una gara persa in modo immeritato e che comunque non \u00e8 rimasta infruttuosa in termini di esperienza e di aspetti positivi.<\/p>\n<p style=\"text-align: justify;\">La disamina a freddo da parte del tecnico Gaetano Lucenti lascia spazio a questi risvolti positivi: &#8220;Abbiamo incontrato la squadra pi\u00f9 forte del torneo \u2013 esordisce nel suo intervento Lucenti &#8211; ma nonostante tutto ce la siamo giocata colpo su colpo e il fatto che loro erano al completo mi fa pensare che la mia squadra sta iniziando ad essere considerata in modo positivo dalle altre realt\u00e0 e quindi non sottovalutata, sebbene da parte di qualcuno mi aspetto di pi\u00f9 nell\u2019approccio alla gara&#8221;. Lucenti invia poi una stoccata al direttore di gara: &#8220;A me non piace parlare di arbitraggi \u2013 pizzica il tecnico biancoazzurro \u2013 per\u00f2 su quello di mercoled\u00ec\u00a0mi sento di dire che non \u00e8 stato all\u2019altezza della partita, sicuramente non equo e questo alla fine, sull\u2019andamento della gara, ha pesato un bel po&#8217;&#8221;. Poi Lucenti la rimette nel fair play: &#8220;Nonostante l\u2019arbitraggio comunque voglio sottolineare che il Citt\u00e0 di Ragusa rimane secondo me una corazzata di questo campionato difficile da battere per chiunque&#8221;. Poi la voce della societ\u00e0 con il direttore generale Claudio Agnello che vede la battuta d\u2019arresto un semplice infortunio di percorso. &#8220;Nonostante il punteggio negativo \u2013 \u00e8 la riflessione del dg biancoazzurro \u2013 la societ\u00e0 \u00e8 molto soddisfatta della prestazione della squadra. Riteniamo che il gruppo stia lavorando bene e che la strada \u00e8 quella giusta: la societ\u00e0 \u00e8 fiduciosa in un continuo miglioramento del gioco e dei risultati e avvertiamo che c\u2019\u00e8 un forte e tangibile gradimento nell\u2019ambiente della dirigenza e dei tifosi&#8221;.<\/p>\n","protected":false},"excerpt":{"rendered":"<p>Il campo ha decretato la sconfitta del Santa Croce nella sfida contro il Citt\u00e0 di Ragusa nell\u2019andata del secondo turno di Coppa Italia di Promozione ma, nello stesso tempo, ha esaltato il collettivo della formazione biancoazzurra che, aldil\u00e0 di piccole sbavature e imperfezioni di qualche singolo, ha ancora fatto emergere un carattere di squadra matura [&hellip;]<\/p>\n","protected":false},"author":34,"featured_media":42739,"comment_status":"open","ping_status":"open","sticky":false,"template":"","format":"standard","meta":{"footnotes":""},"categories":[3],"tags":[],"class_list":["post-43054","post","type-post","status-publish","format-standard","has-post-thumbnail","hentry","category-sport"],"_links":{"self":[{"href":"https:\/\/www.santacroceweb.com\/index.php\/wp-json\/wp\/v2\/posts\/43054","targetHints":{"allow":["GET"]}}],"collection":[{"href":"https:\/\/www.santacroceweb.com\/index.php\/wp-json\/wp\/v2\/posts"}],"about":[{"href":"https:\/\/www.santacroceweb.com\/index.php\/wp-json\/wp\/v2\/types\/post"}],"author":[{"embeddable":true,"href":"https:\/\/www.santacroceweb.com\/index.php\/wp-json\/wp\/v2\/users\/34"}],"replies":[{"embeddable":true,"href":"https:\/\/www.santacroceweb.com\/index.php\/wp-json\/wp\/v2\/comments?post=43054"}],"version-history":[{"count":0,"href":"https:\/\/www.santacroceweb.com\/index.php\/wp-json\/wp\/v2\/posts\/43054\/revisions"}],"wp:featuredmedia":[{"embeddable":true,"href":"https:\/\/www.santacroceweb.com\/index.php\/wp-json\/wp\/v2\/media\/42739"}],"wp:attachment":[{"href":"https:\/\/www.santacroceweb.com\/index.php\/wp-json\/wp\/v2\/media?parent=43054"}],"wp:term":[{"taxonomy":"category","embeddable":true,"href":"https:\/\/www.santacroceweb.com\/index.php\/wp-json\/wp\/v2\/categories?post=43054"},{"taxonomy":"post_tag","embeddable":true,"href":"https:\/\/www.santacroceweb.com\/index.php\/wp-json\/wp\/v2\/tags?post=43054"}],"curies":[{"name":"wp","href":"https:\/\/api.w.org\/{rel}","templated":true}]}}