{"id":43227,"date":"2016-10-06T18:38:14","date_gmt":"2016-10-06T16:38:14","guid":{"rendered":"http:\/\/www.santacroceweb.com\/giornale1\/?p=43227"},"modified":"2016-10-06T18:41:44","modified_gmt":"2016-10-06T16:41:44","slug":"riecco-antonella-panarello-veronica-non-si-uccide-un-figlio-per-una-sc","status":"publish","type":"post","link":"https:\/\/www.santacroceweb.com\/index.php\/2016\/10\/06\/riecco-antonella-panarello-veronica-non-si-uccide-un-figlio-per-una-sc\/","title":{"rendered":"Riecco Antonella Panarello: &#8220;Veronica? Non si uccide un figlio per una sc&#8230;&#8221;"},"content":{"rendered":"<p style=\"text-align: justify;\">Si era promessa &#8211; su consiglio del suo avvocato &#8211; di non partecipare pi\u00f9 alla vicenda giudiziaria che aveva coinvolto la sorella. Ma, in prossimit\u00e0 della sentenza del gup di Ragusa, la tentazione deve essere stata troppo forte. Cos\u00ec Antonella Panarello, sorella di Veronica (per la quale la procura ha chiesto trent&#8217;anni di reclusione), \u00e8 tornata a parlare. Lo ha fatto in un&#8217;intervista a Fanpage, in cui ha rivelato di aver perso la custodia dei due figli, che oggi si trovano in un istituto: &#8220;C&#8217;\u00e8 chi uccide i figli, a me li hanno tolti per la povert\u00e0&#8221;. Ma Antonella \u00e8 tornata in auge anche su Facebook, dove ha commentato un post di Santa Croce Web in riferimento alla richiesta di due milioni di danni da parte di Davide Stival alla moglie: &#8220;Scusate se uso un termine schifoso &#8211; esordisce Antonella -, ma per una scopata si uccide un figlio? Nooo, mi dispiace&#8221; commenta la donna, in riferimento al movente della relazione extraconiugale fra Veronica e il suocero Andrea Stival, ritenuto &#8220;plausibile&#8221; dalla procura. A chi sostiene che Veronica non abbia potuto fare tutto da sola, Antonella replica: &#8220;Qualunque sia stato il motivo, suo figlio doveva rimanere fuori&#8221;. E, infine, a chi\u00a0sostiene che la sorella\u00a0doveva essere curata, la donna risponde: &#8220;Non ha bisogno di essere curata, dato che in tribunale si \u00e8 permessa di dire che sono tutti pazzi&#8221;. Da quel maledetto 29 novembre 2014, giorno dell&#8217;omicidio del piccolo Loris, Antonella si \u00e8 schierata pi\u00f9 volte contro e a favore della sorella: adesso sembra aver deciso da quale parte stare.<\/p>\n<p style=\"text-align: justify;\"><span style=\"color: #ff0000;\"><strong>I COMMENTI DELLA PANARELLO SU FB<\/strong><\/span><\/p>\n<p style=\"text-align: justify;\"><img fetchpriority=\"high\" decoding=\"async\" class=\"alignnone size-full wp-image-43228 lazyload\" src=\"data:image\/gif;base64,R0lGODlhAQABAAAAACH5BAEKAAEALAAAAAABAAEAAAICTAEAOw==\" data-src=\"https:\/\/www.santacroceweb.com\/giornale1\/wp-content\/uploads\/2016\/10\/screen-antonella.jpg\" alt=\"screen-antonella\" width=\"492\" height=\"493\" data-sizes=\"auto\" data-srcset=\"https:\/\/www.santacroceweb.com\/giornale1\/wp-content\/uploads\/2016\/10\/screen-antonella.jpg 492w, https:\/\/www.santacroceweb.com\/giornale1\/wp-content\/uploads\/2016\/10\/screen-antonella-150x150.jpg 150w, https:\/\/www.santacroceweb.com\/giornale1\/wp-content\/uploads\/2016\/10\/screen-antonella-300x300.jpg 300w\" sizes=\"(max-width: 492px) 100vw, 492px\" \/><\/p>\n","protected":false},"excerpt":{"rendered":"<p>Si era promessa &#8211; su consiglio del suo avvocato &#8211; di non partecipare pi\u00f9 alla vicenda giudiziaria che aveva coinvolto la sorella. Ma, in prossimit\u00e0 della sentenza del gup di Ragusa, la tentazione deve essere stata troppo forte. Cos\u00ec Antonella Panarello, sorella di Veronica (per la quale la procura ha chiesto trent&#8217;anni di reclusione), \u00e8 [&hellip;]<\/p>\n","protected":false},"author":34,"featured_media":23200,"comment_status":"open","ping_status":"open","sticky":false,"template":"","format":"standard","meta":{"footnotes":""},"categories":[7],"tags":[],"class_list":["post-43227","post","type-post","status-publish","format-standard","has-post-thumbnail","hentry","category-cronaca"],"_links":{"self":[{"href":"https:\/\/www.santacroceweb.com\/index.php\/wp-json\/wp\/v2\/posts\/43227","targetHints":{"allow":["GET"]}}],"collection":[{"href":"https:\/\/www.santacroceweb.com\/index.php\/wp-json\/wp\/v2\/posts"}],"about":[{"href":"https:\/\/www.santacroceweb.com\/index.php\/wp-json\/wp\/v2\/types\/post"}],"author":[{"embeddable":true,"href":"https:\/\/www.santacroceweb.com\/index.php\/wp-json\/wp\/v2\/users\/34"}],"replies":[{"embeddable":true,"href":"https:\/\/www.santacroceweb.com\/index.php\/wp-json\/wp\/v2\/comments?post=43227"}],"version-history":[{"count":0,"href":"https:\/\/www.santacroceweb.com\/index.php\/wp-json\/wp\/v2\/posts\/43227\/revisions"}],"wp:featuredmedia":[{"embeddable":true,"href":"https:\/\/www.santacroceweb.com\/index.php\/wp-json\/wp\/v2\/media\/23200"}],"wp:attachment":[{"href":"https:\/\/www.santacroceweb.com\/index.php\/wp-json\/wp\/v2\/media?parent=43227"}],"wp:term":[{"taxonomy":"category","embeddable":true,"href":"https:\/\/www.santacroceweb.com\/index.php\/wp-json\/wp\/v2\/categories?post=43227"},{"taxonomy":"post_tag","embeddable":true,"href":"https:\/\/www.santacroceweb.com\/index.php\/wp-json\/wp\/v2\/tags?post=43227"}],"curies":[{"name":"wp","href":"https:\/\/api.w.org\/{rel}","templated":true}]}}