{"id":43256,"date":"2016-10-08T09:15:42","date_gmt":"2016-10-08T07:15:42","guid":{"rendered":"http:\/\/www.santacroceweb.com\/giornale1\/?p=43256"},"modified":"2016-10-08T01:13:52","modified_gmt":"2016-10-07T23:13:52","slug":"pronta-da-un-anno-e-mai-utilizzata-oggi-la-palestra-e-circondata-da-erbacce","status":"publish","type":"post","link":"https:\/\/www.santacroceweb.com\/index.php\/2016\/10\/08\/pronta-da-un-anno-e-mai-utilizzata-oggi-la-palestra-e-circondata-da-erbacce\/","title":{"rendered":"Pronta da un anno e mai utilizzata: oggi la palestra \u00e8 circondata da erbacce"},"content":{"rendered":"<p style=\"text-align: justify;\">Da pi\u00f9 di un anno la nuovissima palestra polivalente di via degli Atleti, vicino alla palestra Santa Rosalia e al campo sportivo, giace inattiva e circondata da una folta fioritura di erbacce. <span style=\"text-decoration: underline;\"><a href=\"https:\/\/www.santacroceweb.com\/giornale1\/index.php\/2015\/04\/04\/il-nuovo-campo-polivalente-prende-forma-realizzata-la-copertura\/\">Quella che doveva essere il &#8220;fiore all&#8217;occhiello della nostra comunit\u00e0&#8221;<\/a><\/span> sembra essere stata dimenticata e molti si sono chiesti la ragione della sua mancata inaugurazione e della sua\u00a0incerta destinazione. Il sindaco di Santa Croce, Franca Iurato, ha ammesso: &#8220;Questa struttura \u00e8 stata realizzata con i progetti PON e attuata grazie ai fondi europei. C&#8217;\u00e8 voluto tempo perch\u00e9 occorreva rendicontare tutto. Ci siamo dovuti attenere\u00a0fedelmente a quello che ci veniva richiesto per la sua realizzazione. Anche la targa di intitolazione deve avere i requisiti specificatamente richiesti. Adesso la palestra \u00e8 pronta, dobbiamo solo inaugurarla e poi ne indicheremo la destinazione&#8221;. \u00c8 importante ricordare che tale struttura\u00a0sar\u00e0 dedicata\u00a0alla memoria del piccolo Loris Stival, il bambino morto quasi due anni fa in circostanze tragiche e la cui scomparsa ha gettato la comunit\u00e0 santacrocese nel totale sconforto. &#8220;Come previsto, la palestra sar\u00e0 intitolata al piccolo Loris, si sta semplicemente cercando il momento giusto affinch\u00e9 si possa procedere. Nonostante la gogna mediatica che, in questi ultimi tempi, ci ha travolti, non possiamo fare tutto questo in silenzio, dobbiamo necessariamente coinvolgere\u00a0il padre e i familiari&#8221;. Attendiamo pazientemente di vedere funzionante questa struttura che offrir\u00e0 un valido supporto alle attivit\u00e0 sportive locali.<\/p>\n<div id='gallery-1' class='gallery galleryid-43256 gallery-columns-3 gallery-size-thumbnail'><figure class='gallery-item'>\n\t\t\t<div class='gallery-icon portrait'>\n\t\t\t\t<a href='https:\/\/www.santacroceweb.com\/index.php\/2016\/10\/08\/pronta-da-un-anno-e-mai-utilizzata-oggi-la-palestra-e-circondata-da-erbacce\/20161005_102902\/'><img decoding=\"async\" width=\"150\" height=\"150\" src=\"https:\/\/www.santacroceweb.com\/giornale1\/wp-content\/uploads\/2016\/10\/20161005_102902.jpg\" class=\"attachment-thumbnail size-thumbnail jl-lazyload lazyload\" alt=\"\" data-src=\"https:\/\/www.santacroceweb.com\/giornale1\/wp-content\/uploads\/2016\/10\/20161005_102902-150x150.jpg\" \/><\/a>\n\t\t\t<\/div><\/figure><figure class='gallery-item'>\n\t\t\t<div class='gallery-icon landscape'>\n\t\t\t\t<a href='https:\/\/www.santacroceweb.com\/index.php\/2016\/10\/08\/pronta-da-un-anno-e-mai-utilizzata-oggi-la-palestra-e-circondata-da-erbacce\/20161005_102917\/'><img decoding=\"async\" width=\"150\" height=\"150\" src=\"https:\/\/www.santacroceweb.com\/giornale1\/wp-content\/uploads\/2016\/10\/20161005_102917.jpg\" class=\"attachment-thumbnail size-thumbnail jl-lazyload lazyload\" alt=\"\" data-src=\"https:\/\/www.santacroceweb.com\/giornale1\/wp-content\/uploads\/2016\/10\/20161005_102917-150x150.jpg\" \/><\/a>\n\t\t\t<\/div><\/figure><figure class='gallery-item'>\n\t\t\t<div class='gallery-icon landscape'>\n\t\t\t\t<a href='https:\/\/www.santacroceweb.com\/index.php\/2016\/10\/08\/pronta-da-un-anno-e-mai-utilizzata-oggi-la-palestra-e-circondata-da-erbacce\/20161005_102954\/'><img decoding=\"async\" width=\"150\" height=\"150\" src=\"https:\/\/www.santacroceweb.com\/giornale1\/wp-content\/uploads\/2016\/10\/20161005_102954-e1573122468217.jpg\" class=\"attachment-thumbnail size-thumbnail jl-lazyload lazyload\" alt=\"\" data-src=\"https:\/\/www.santacroceweb.com\/giornale1\/wp-content\/uploads\/2016\/10\/20161005_102954-e1573122468217-150x150.jpg\" \/><\/a>\n\t\t\t<\/div><\/figure><figure class='gallery-item'>\n\t\t\t<div class='gallery-icon landscape'>\n\t\t\t\t<a href='https:\/\/www.santacroceweb.com\/index.php\/2016\/10\/08\/pronta-da-un-anno-e-mai-utilizzata-oggi-la-palestra-e-circondata-da-erbacce\/20161005_103007\/'><img loading=\"lazy\" decoding=\"async\" width=\"150\" height=\"150\" src=\"https:\/\/www.santacroceweb.com\/giornale1\/wp-content\/uploads\/2016\/10\/20161005_103007.jpg\" class=\"attachment-thumbnail size-thumbnail jl-lazyload lazyload\" alt=\"\" data-src=\"https:\/\/www.santacroceweb.com\/giornale1\/wp-content\/uploads\/2016\/10\/20161005_103007-150x150.jpg\" \/><\/a>\n\t\t\t<\/div><\/figure><figure class='gallery-item'>\n\t\t\t<div class='gallery-icon landscape'>\n\t\t\t\t<a href='https:\/\/www.santacroceweb.com\/index.php\/2016\/10\/08\/pronta-da-un-anno-e-mai-utilizzata-oggi-la-palestra-e-circondata-da-erbacce\/20161005_103101\/'><img loading=\"lazy\" decoding=\"async\" width=\"150\" height=\"150\" src=\"https:\/\/www.santacroceweb.com\/giornale1\/wp-content\/uploads\/2016\/10\/20161005_103101.jpg\" class=\"attachment-thumbnail size-thumbnail jl-lazyload lazyload\" alt=\"\" data-src=\"https:\/\/www.santacroceweb.com\/giornale1\/wp-content\/uploads\/2016\/10\/20161005_103101-150x150.jpg\" \/><\/a>\n\t\t\t<\/div><\/figure><figure class='gallery-item'>\n\t\t\t<div class='gallery-icon landscape'>\n\t\t\t\t<a href='https:\/\/www.santacroceweb.com\/index.php\/2016\/10\/08\/pronta-da-un-anno-e-mai-utilizzata-oggi-la-palestra-e-circondata-da-erbacce\/20161005_103109\/'><img loading=\"lazy\" decoding=\"async\" width=\"150\" height=\"150\" src=\"https:\/\/www.santacroceweb.com\/giornale1\/wp-content\/uploads\/2016\/10\/20161005_103109.jpg\" class=\"attachment-thumbnail size-thumbnail jl-lazyload lazyload\" alt=\"\" data-src=\"https:\/\/www.santacroceweb.com\/giornale1\/wp-content\/uploads\/2016\/10\/20161005_103109-150x150.jpg\" \/><\/a>\n\t\t\t<\/div><\/figure><figure class='gallery-item'>\n\t\t\t<div class='gallery-icon landscape'>\n\t\t\t\t<a href='https:\/\/www.santacroceweb.com\/index.php\/2016\/10\/08\/pronta-da-un-anno-e-mai-utilizzata-oggi-la-palestra-e-circondata-da-erbacce\/20161005_103232\/'><img loading=\"lazy\" decoding=\"async\" width=\"150\" height=\"150\" src=\"https:\/\/www.santacroceweb.com\/giornale1\/wp-content\/uploads\/2016\/10\/20161005_103232.jpg\" class=\"attachment-thumbnail size-thumbnail jl-lazyload lazyload\" alt=\"\" data-src=\"https:\/\/www.santacroceweb.com\/giornale1\/wp-content\/uploads\/2016\/10\/20161005_103232-150x150.jpg\" \/><\/a>\n\t\t\t<\/div><\/figure>\n\t\t<\/div>\n\n","protected":false},"excerpt":{"rendered":"<p>Da pi\u00f9 di un anno la nuovissima palestra polivalente di via degli Atleti, vicino alla palestra Santa Rosalia e al campo sportivo, giace inattiva e circondata da una folta fioritura di erbacce. Quella che doveva essere il &#8220;fiore all&#8217;occhiello della nostra comunit\u00e0&#8221; sembra essere stata dimenticata e molti si sono chiesti la ragione della sua [&hellip;]<\/p>\n","protected":false},"author":4,"featured_media":43265,"comment_status":"open","ping_status":"open","sticky":false,"template":"","format":"gallery","meta":{"footnotes":""},"categories":[11,3],"tags":[],"class_list":["post-43256","post","type-post","status-publish","format-gallery","has-post-thumbnail","hentry","category-primopiano","category-sport","post_format-post-format-gallery"],"_links":{"self":[{"href":"https:\/\/www.santacroceweb.com\/index.php\/wp-json\/wp\/v2\/posts\/43256","targetHints":{"allow":["GET"]}}],"collection":[{"href":"https:\/\/www.santacroceweb.com\/index.php\/wp-json\/wp\/v2\/posts"}],"about":[{"href":"https:\/\/www.santacroceweb.com\/index.php\/wp-json\/wp\/v2\/types\/post"}],"author":[{"embeddable":true,"href":"https:\/\/www.santacroceweb.com\/index.php\/wp-json\/wp\/v2\/users\/4"}],"replies":[{"embeddable":true,"href":"https:\/\/www.santacroceweb.com\/index.php\/wp-json\/wp\/v2\/comments?post=43256"}],"version-history":[{"count":0,"href":"https:\/\/www.santacroceweb.com\/index.php\/wp-json\/wp\/v2\/posts\/43256\/revisions"}],"wp:featuredmedia":[{"embeddable":true,"href":"https:\/\/www.santacroceweb.com\/index.php\/wp-json\/wp\/v2\/media\/43265"}],"wp:attachment":[{"href":"https:\/\/www.santacroceweb.com\/index.php\/wp-json\/wp\/v2\/media?parent=43256"}],"wp:term":[{"taxonomy":"category","embeddable":true,"href":"https:\/\/www.santacroceweb.com\/index.php\/wp-json\/wp\/v2\/categories?post=43256"},{"taxonomy":"post_tag","embeddable":true,"href":"https:\/\/www.santacroceweb.com\/index.php\/wp-json\/wp\/v2\/tags?post=43256"}],"curies":[{"name":"wp","href":"https:\/\/api.w.org\/{rel}","templated":true}]}}