{"id":43348,"date":"2016-10-11T10:10:04","date_gmt":"2016-10-11T08:10:04","guid":{"rendered":"http:\/\/www.santacroceweb.com\/giornale1\/?p=43348"},"modified":"2016-10-11T10:14:59","modified_gmt":"2016-10-11T08:14:59","slug":"agnello-alla-scuola-per-la-democrazia-confronto-con-alfano-sulla-sicurezza","status":"publish","type":"post","link":"https:\/\/www.santacroceweb.com\/index.php\/2016\/10\/11\/agnello-alla-scuola-per-la-democrazia-confronto-con-alfano-sulla-sicurezza\/","title":{"rendered":"Agnello alla &#8220;Scuola per la Democrazia&#8221;: confronto con Alfano sulla sicurezza"},"content":{"rendered":"<p style=\"text-align: justify;\">Il consigliere comunale Luca Agnello, assieme a una folta rappresentanza di amministratori siciliani, ha preso parte all&#8217;edizione 2016 di &#8220;Scuola per la democrazia&#8221;, che si \u00e8 tenuta ad Aosta\u00a0il 7-8-9 ottobre.\u00a0L&#8217;appuntamento, organizzato\u00a0da\u00a0Italiadecide in collaborazione con la Presidenza del Consiglio Regionale della Valle d\u2019Aosta e Anci Giovani, quest\u2019anno ha posto l&#8217;attenzione sul tema della responsabilit\u00e0 nel governo locale. Le lezioni e i seminari della scuola presieduta da Luciano Violante, hanno approfondito il tema considerando tutte le forme di responsabilit\u00e0 dell\u2019amministratore locale: politica, amministrativa, contabile, penale e civile.\u00a0Sono stati esaminati pi\u00f9 casi \u201ccritici\u201d di specifica responsabilit\u00e0 dell\u2019ente locale e dei singoli amministratori.<\/p>\n<p style=\"text-align: justify;\">Ospite d&#8217;eccezione il Ministro degli Interni Angelino Alfano, che nel corso dei lavori \u00e8 stato interpellato da Agnello sul tema della sicurezza: &#8220;Nel pacchetto sicurezza 2008 &#8211; ha evidenziato il consigliere\u00a0comunale di Santa Croce Camerina &#8211; \u00e8 palese la discrasia tra la responsabilit\u00e0 diretta affidata ai sindaci, nell\u2019apparato normativo, in tema di sicurezza urbana e quella che \u00e8 la reale possibilit\u00e0 di incidere, prevenire e disporre degli strumenti e delle risorse per garantire la possibilit\u00e0 di affermare l\u2019esigenza di sicurezza. Quindi appare chiaro l\u2019elemento di contraddizione fra l\u2019assunzione normativa di responsabilit\u00e0, anche penale, e la possibilit\u00e0 di tenere un comportamento che tuteli il politico dalla possibilit\u00e0 di essere chiamato in causa anche ingiustamente. Come si sta muovendo il governo in questo specifico ambito?&#8221;.<\/p>\n<p style=\"text-align: justify;\">Alfano, evidenziando la bont\u00e0 della domanda, ha spiegato che il punto su cui occorre focalizzarsi &#8220;\u00e8 il coinvolgimento dei Comuni in una strategia di sicurezza sulle loro comunit\u00e0. Ossia costituire a livello di prefettura provinciale degli organismi che facciano la strategia applicata al territorio sulla sicurezza, fermo restando\u00a0le leggi del codice penale che devono essere applicate. Bisogna creare degli organismi &#8211; puntualizza il ministro &#8211; al cui interno trovino spazio le forze di polizia e i sindaci, che devono diventare maggiormente protagonisti nella difesa e nella tutela del decoro urbano. Ho inserito questi passaggi all&#8217;interno del disegno di legge sulla sicurezza e ho licenziato il testo: sto insistendo con Palazzo Chigi affich\u00e8 arrivi il via libera.\u00a0Questo ddl &#8211; conclude Alfano nel suo intervento &#8211; intende allineare poteri, responsabilit\u00e0 e competenze concrete in maniera tale da dare al sindaco la responsabilit\u00e0 ma anche i poteri per supportarla. Il sindaco non pu\u00f2 avere una responsabilit\u00e0 politica inferiore alla sua forza di governo, ma non pu\u00f2 avere addosso una responsabilit\u00e0 enorme rispetto a quello che pu\u00f2 fare&#8221;.<\/p>\n<p style=\"text-align: justify;\">Gli amministratori siciliani presenti ad Aosta, oltre al consigliere Agnello, erano\u00a0Nicol\u00f2 Ferro (Scordia),\u00a0Rosanna Maiolino (Altofonte),\u00a0Roberta Tripoli (Misilmeri),\u00a0Marianna Achille (Villabate),\u00a0Francesco Bivona (Regalbuto) e Carmelo Galip\u00f2 (Capo d&#8217; Orlando). \u00a0Agnello trae le sue conclusioni:\u00a0&#8220;Anche quest&#8217;anno una importantissima occasione di crescita e di apprendimento oltre che di confronto con realt\u00e0 locali di tutta Italia. Non ci si pu\u00f2 pi\u00f9 improvvisare amministratori. Tra le proposte dei gruppi di lavoro c&#8217;erano: linee guida chiarezza normativa sulla responsabilit\u00e0 politica dell&#8217;amministratore, obbligatoriet\u00e0 di aggiornamenti formativi per dipendenti pubblici con incarichi dirigenziali e anche per gli amministratori degli enti locali. Io e il collega Nicol\u00f2 Ferro di Scordia non ci siamo lasciati sfuggire l&#8217;occasione di rivolgere\u00a0al Ministro Alfano delle domande inerenti la sicurezza urbana specie in zone sensibili come il Ragusano e il Calatino, investite tra l&#8217;altro da affluenze migratorie che volenti o nolenti hanno contribuito purtroppo ad accrescere la percezione di insicurezza nei cittadini&#8221;.<\/p>\n","protected":false},"excerpt":{"rendered":"<p>Il consigliere comunale Luca Agnello, assieme a una folta rappresentanza di amministratori siciliani, ha preso parte all&#8217;edizione 2016 di &#8220;Scuola per la democrazia&#8221;, che si \u00e8 tenuta ad Aosta\u00a0il 7-8-9 ottobre.\u00a0L&#8217;appuntamento, organizzato\u00a0da\u00a0Italiadecide in collaborazione con la Presidenza del Consiglio Regionale della Valle d\u2019Aosta e Anci Giovani, quest\u2019anno ha posto l&#8217;attenzione sul tema della responsabilit\u00e0 nel [&hellip;]<\/p>\n","protected":false},"author":34,"featured_media":43350,"comment_status":"open","ping_status":"open","sticky":false,"template":"","format":"video","meta":{"footnotes":""},"categories":[4],"tags":[],"class_list":["post-43348","post","type-post","status-publish","format-video","has-post-thumbnail","hentry","category-politica","post_format-post-format-video"],"_links":{"self":[{"href":"https:\/\/www.santacroceweb.com\/index.php\/wp-json\/wp\/v2\/posts\/43348","targetHints":{"allow":["GET"]}}],"collection":[{"href":"https:\/\/www.santacroceweb.com\/index.php\/wp-json\/wp\/v2\/posts"}],"about":[{"href":"https:\/\/www.santacroceweb.com\/index.php\/wp-json\/wp\/v2\/types\/post"}],"author":[{"embeddable":true,"href":"https:\/\/www.santacroceweb.com\/index.php\/wp-json\/wp\/v2\/users\/34"}],"replies":[{"embeddable":true,"href":"https:\/\/www.santacroceweb.com\/index.php\/wp-json\/wp\/v2\/comments?post=43348"}],"version-history":[{"count":0,"href":"https:\/\/www.santacroceweb.com\/index.php\/wp-json\/wp\/v2\/posts\/43348\/revisions"}],"wp:featuredmedia":[{"embeddable":true,"href":"https:\/\/www.santacroceweb.com\/index.php\/wp-json\/wp\/v2\/media\/43350"}],"wp:attachment":[{"href":"https:\/\/www.santacroceweb.com\/index.php\/wp-json\/wp\/v2\/media?parent=43348"}],"wp:term":[{"taxonomy":"category","embeddable":true,"href":"https:\/\/www.santacroceweb.com\/index.php\/wp-json\/wp\/v2\/categories?post=43348"},{"taxonomy":"post_tag","embeddable":true,"href":"https:\/\/www.santacroceweb.com\/index.php\/wp-json\/wp\/v2\/tags?post=43348"}],"curies":[{"name":"wp","href":"https:\/\/api.w.org\/{rel}","templated":true}]}}