{"id":4337,"date":"2013-05-12T12:53:26","date_gmt":"2013-05-12T10:53:26","guid":{"rendered":"http:\/\/www.santacroceweb.com\/giornale1\/?p=4337"},"modified":"2013-05-12T12:53:26","modified_gmt":"2013-05-12T10:53:26","slug":"il-comune-studia-un-nuovo-piano-energetico-pronto-il-fotovoltaico-per-abbattere-i-consumi","status":"publish","type":"post","link":"https:\/\/www.santacroceweb.com\/index.php\/2013\/05\/12\/il-comune-studia-un-nuovo-piano-energetico-pronto-il-fotovoltaico-per-abbattere-i-consumi\/","title":{"rendered":"Il Comune studia un nuovo piano energetico: pronto il fotovoltaico per abbattere i consumi"},"content":{"rendered":"<p style=\"text-align: justify;\">E&#8217; allo studio la redazione di un piano energetico comunale per poter dotare ed istallare su strutture pubbliche del comune di Santa Croce Camerina impianti fotovoltaici per il risparmio energetico. La decisione \u00e8 stata presa dall\u2019amministrazione comunale, che ha dato l&#8217;incarico ad un noto professionista ibleo, l&#8217;ing. Camillieri. Il Comune, infatti, si propone di abbattere i consumi energetici: tra l\u2019altro le recenti norme in materia di energia rinnovabile hanno previsto incentivi per i soggetti che intendono realizzare impianti fotovoltaici. Il piano sar\u00e0 consegnato nei prossimi giorni al sindaco Franca Iurato che successivamente lo porter\u00e0 all&#8217;attenzione e all&#8217;approvazione della giunta. L\u2019utilizzo dell\u2019energia elettrica prodotta dall\u2019impianto spetter\u00e0 esclusivamente all\u2019ente con conseguente risparmio sui costi. \u201cL\u2019intervento \u00e8 sicuramente di interesse pubblico &#8211; ha affermato a tal proposito l&#8217;assessore Domenico Aprile &#8211; in quanto finalizzato al risparmio energetico che ci permetter\u00e0 di creare economie derivanti dal risparmio delle bollette, che reinvesteremo per creare opportunit\u00e0 e infrastrutture nella nostra comunit\u00e0. Inoltre &#8211; prosegue l&#8217;assessore Aprile &#8211; la copertura dei pannelli fotovoltaici negli edifici scolastici ci permetter\u00e0 di consolidare e mettere in sicurezza quelle strutture obsolete che avrebbero necessit\u00e0 di essere adeguate. In sostanza, dopo l&#8217;approvazione del piano, si autorizzer\u00e0 la concessione in uso delle superfici degli edifici comunali dove andranno istallati gli impianti fotovoltaici per rendere energeticamente autonome le strutture individuate&#8221;.<\/p>\n<p style=\"text-align: right;\"><strong>Redazione<\/strong><\/p>\n","protected":false},"excerpt":{"rendered":"<p>E&#8217; allo studio la redazione di un piano energetico comunale per poter dotare ed istallare su strutture pubbliche del comune di Santa Croce Camerina impianti fotovoltaici per il risparmio energetico. La decisione \u00e8 stata presa dall\u2019amministrazione comunale, che ha dato l&#8217;incarico ad un noto professionista ibleo, l&#8217;ing. Camillieri. Il Comune, infatti, si propone di abbattere [&hellip;]<\/p>\n","protected":false},"author":34,"featured_media":4338,"comment_status":"open","ping_status":"open","sticky":false,"template":"","format":"standard","meta":{"footnotes":""},"categories":[8,1,4],"tags":[],"class_list":["post-4337","post","type-post","status-publish","format-standard","has-post-thumbnail","hentry","category-attualita","category-news","category-politica"],"_links":{"self":[{"href":"https:\/\/www.santacroceweb.com\/index.php\/wp-json\/wp\/v2\/posts\/4337","targetHints":{"allow":["GET"]}}],"collection":[{"href":"https:\/\/www.santacroceweb.com\/index.php\/wp-json\/wp\/v2\/posts"}],"about":[{"href":"https:\/\/www.santacroceweb.com\/index.php\/wp-json\/wp\/v2\/types\/post"}],"author":[{"embeddable":true,"href":"https:\/\/www.santacroceweb.com\/index.php\/wp-json\/wp\/v2\/users\/34"}],"replies":[{"embeddable":true,"href":"https:\/\/www.santacroceweb.com\/index.php\/wp-json\/wp\/v2\/comments?post=4337"}],"version-history":[{"count":0,"href":"https:\/\/www.santacroceweb.com\/index.php\/wp-json\/wp\/v2\/posts\/4337\/revisions"}],"wp:featuredmedia":[{"embeddable":true,"href":"https:\/\/www.santacroceweb.com\/index.php\/wp-json\/wp\/v2\/media\/4338"}],"wp:attachment":[{"href":"https:\/\/www.santacroceweb.com\/index.php\/wp-json\/wp\/v2\/media?parent=4337"}],"wp:term":[{"taxonomy":"category","embeddable":true,"href":"https:\/\/www.santacroceweb.com\/index.php\/wp-json\/wp\/v2\/categories?post=4337"},{"taxonomy":"post_tag","embeddable":true,"href":"https:\/\/www.santacroceweb.com\/index.php\/wp-json\/wp\/v2\/tags?post=4337"}],"curies":[{"name":"wp","href":"https:\/\/api.w.org\/{rel}","templated":true}]}}