{"id":43585,"date":"2016-10-18T15:46:02","date_gmt":"2016-10-18T13:46:02","guid":{"rendered":"http:\/\/www.santacroceweb.com\/giornale1\/?p=43585"},"modified":"2016-10-20T15:11:10","modified_gmt":"2016-10-20T13:11:10","slug":"materna-dalla-mensa-al-voucher-il-sindaco-e-una-soluzione-provvisoria","status":"publish","type":"post","link":"https:\/\/www.santacroceweb.com\/index.php\/2016\/10\/18\/materna-dalla-mensa-al-voucher-il-sindaco-e-una-soluzione-provvisoria\/","title":{"rendered":"Materna, dalla mensa al voucher. Il sindaco: &#8220;E&#8217; una soluzione provvisoria&#8221;"},"content":{"rendered":"<p style=\"text-align: justify;\">Torna al centro dell\u2019agenda politica il servizio di refezione scolastica. Nel giugno scorso le prime avvisaglie di &#8220;crisi&#8221;:\u00a0 <span style=\"text-decoration: underline;\"><a href=\"https:\/\/www.santacroceweb.com\/giornale1\/index.php\/2016\/05\/20\/sospeso-il-servizio-mensa-ai-bambini-della-materna-e-solo-un-intoppo-2\/\">la mensa era stata sospesa per qualche giorno a causa di un intoppo burocratico<\/a><\/span>. Quest\u2019anno, per i bambini delle scuole materne, il servizio non \u00e8 ancora partito. E molti genitori, con delle segnalazioni giunte in redazione, ce l\u2019hanno fatto notare. In realt\u00e0, come spiega il sindaco Franca Iurato, \u201cprorogare il servizio dello scorso anno sarebbe stata la cosa pi\u00f9 facile, ma con il codice dei contratti non era pi\u00f9 possibile. Quindi ci siamo mossi per trovare una soluzione alternativa\u201d. Nel nuovo bando di gara, gi\u00e0 pronto, il servizio di mensa scolastica avr\u00e0 durata biennale. Ma non sar\u00e0 cos\u00ec facile espletare il bando. I motivi sono due: da un lato la Centrale Unica di Committenza, uno strumento per l\u2019aggiudicazione degli appalti di cui il comune di Santa Croce non \u00e8 provvisto; dall\u2019altro la valutazione di una commissione esterna \u2013 composta da medici e nutrizionisti \u2013 di tutti i progetti presentati. Una trafila che si annuncia lunga: \u201cIl bando \u00e8 pronto \u2013 ripete il sindaco \u2013 ma non avendo una C.U.C. nostra dovremo appoggiarci a Comiso, con delle spese ulteriori. Insomma, ci vorr\u00e0 un po\u2019 di tempo. Ma il pranzo, a scuola, non \u00e8 solamente consumare del cibo, bens\u00ec un momento didattico a tutti gli effetti. Cos\u00ec abbiamo trovato una soluzione ponte\u201d.<\/p>\n<p style=\"text-align: justify;\">Si tratta del servizio sostitutivo della mensa scolastica mediante l\u2019erogazione di buoni scuola \u2013 o voucher \u2013 in favore dei 249 alunni delle scuole dell\u2019infanzia e di 25 insegnanti. Per andare incontro a questa finalit\u00e0, il Comune ha assegnato 20mila euro al Responsabile del Dipartimento dei Servizi Sociali, Scolastici e Culturali. Una somma, prevede Franca Iurato, che \u201cdovrebbe coprire tre mesi (fino al 31 gennaio 2017, ndr) o comunque il periodo entro il quale verr\u00e0 attivata la mensa. Ogni voucher corrisponde pi\u00f9 o meno alla partecipazione del Comune al servizio mensa, e varr\u00e0 circa 1,50 euro. Abbiamo inviato a tutte le attivit\u00e0 commerciali di Santa Croce (bar, paninerie, supermercati, pasticcerie ecc.) una manifestazione d\u2019interesse per aderire all\u2019iniziativa. Il servizio sostitutivo partir\u00e0 il 3 novembre. Questo percorso\u00a0\u2013 chiarisce il primo cittadino \u2013 nasce per rispondere a un\u2019esigenza ben precisa e non rimanere inermi di fronte alle difficolt\u00e0. La mia amministrazione \u00e8 molto attenta alle tematiche della scuola\u201d.<\/p>\n<p style=\"text-align: justify;\">A dimostrazione di ci\u00f2 \u2013 come riferisce il profilo Fb del comune di Santa Croce \u2013 il 16 ottobre \u00e8 stato attivato il servizio scuolabus comunale, riservato agli alunni che frequentano la scuola dell&#8217;obbligo.\u00a0\u201cIl servizio viene effettuato da luned\u00ec a sabato e prevede due corse nel turno antimeridiano e una corsa nel turno pomeridiano. Ne fruiscono gratuitamente 46 bambini, residenti nel comune, ma fuori dal centro urbano.\u00a0Sullo scuolabus \u00e8 presente personale per l\u2019accompagnamento e la vigilanza dei passeggeri\u201d.<\/p>\n","protected":false},"excerpt":{"rendered":"<p>Torna al centro dell\u2019agenda politica il servizio di refezione scolastica. Nel giugno scorso le prime avvisaglie di &#8220;crisi&#8221;:\u00a0 la mensa era stata sospesa per qualche giorno a causa di un intoppo burocratico. Quest\u2019anno, per i bambini delle scuole materne, il servizio non \u00e8 ancora partito. E molti genitori, con delle segnalazioni giunte in redazione, ce [&hellip;]<\/p>\n","protected":false},"author":11,"featured_media":38231,"comment_status":"open","ping_status":"open","sticky":false,"template":"","format":"standard","meta":{"footnotes":""},"categories":[8,11],"tags":[],"class_list":["post-43585","post","type-post","status-publish","format-standard","has-post-thumbnail","hentry","category-attualita","category-primopiano"],"_links":{"self":[{"href":"https:\/\/www.santacroceweb.com\/index.php\/wp-json\/wp\/v2\/posts\/43585","targetHints":{"allow":["GET"]}}],"collection":[{"href":"https:\/\/www.santacroceweb.com\/index.php\/wp-json\/wp\/v2\/posts"}],"about":[{"href":"https:\/\/www.santacroceweb.com\/index.php\/wp-json\/wp\/v2\/types\/post"}],"author":[{"embeddable":true,"href":"https:\/\/www.santacroceweb.com\/index.php\/wp-json\/wp\/v2\/users\/11"}],"replies":[{"embeddable":true,"href":"https:\/\/www.santacroceweb.com\/index.php\/wp-json\/wp\/v2\/comments?post=43585"}],"version-history":[{"count":0,"href":"https:\/\/www.santacroceweb.com\/index.php\/wp-json\/wp\/v2\/posts\/43585\/revisions"}],"wp:featuredmedia":[{"embeddable":true,"href":"https:\/\/www.santacroceweb.com\/index.php\/wp-json\/wp\/v2\/media\/38231"}],"wp:attachment":[{"href":"https:\/\/www.santacroceweb.com\/index.php\/wp-json\/wp\/v2\/media?parent=43585"}],"wp:term":[{"taxonomy":"category","embeddable":true,"href":"https:\/\/www.santacroceweb.com\/index.php\/wp-json\/wp\/v2\/categories?post=43585"},{"taxonomy":"post_tag","embeddable":true,"href":"https:\/\/www.santacroceweb.com\/index.php\/wp-json\/wp\/v2\/tags?post=43585"}],"curies":[{"name":"wp","href":"https:\/\/api.w.org\/{rel}","templated":true}]}}