{"id":43890,"date":"2016-10-30T11:01:19","date_gmt":"2016-10-30T10:01:19","guid":{"rendered":"http:\/\/www.santacroceweb.com\/giornale1\/?p=43890"},"modified":"2016-10-31T16:01:44","modified_gmt":"2016-10-31T15:01:44","slug":"combattenti-e-reduci-svelata-in-piazza-la-targa-per-il-capitano-scala-video","status":"publish","type":"post","link":"https:\/\/www.santacroceweb.com\/index.php\/2016\/10\/30\/combattenti-e-reduci-svelata-in-piazza-la-targa-per-il-capitano-scala-video\/","title":{"rendered":"Combattenti e reduci, svelata in piazza la targa per il capitano Scala <font color=red>IL VIDEO<\/font>"},"content":{"rendered":"<p style=\"text-align: justify;\">La grande guerra (1914-18): cos\u00ec \u00e8 stata chiamata la guerra pi\u00f9 sanguinosa dell\u2019era moderna che ha coinvolto (per la prima volta) quasi tutta l\u2019Europa. L\u2019Italia entr\u00f2 in quella contesa un anno dopo, nel 1915. Quest\u2019anno ne ricorre il centenario. Migliaia di ragazzi dell\u2019epoca versarono il loro sangue sulle montagne carsiche, dentro le trincee e spesso combattendo all\u2019arma bianca. I corpi di parecchi di questi non ritornarono alle loro famiglie. Ebbene, sabato pomeriggio l\u2019associazione \u201cCombattenti e Reduci\u201d della sezione di Santa Croce Camerina ha voluto ricordare quegli eventi tragici. Il neo presidente della locale sezione, il dott. Gaetano Farina, appena insediato, ha voluto ricordare a nome di tutti i combattenti la figura di un eroe camarinense: il capitano Raffaele Scala-Agnello. Lo ha fatto in pompa magna, scoprendo una targa in suo onore sulla facciata della sezione, in piazza Vittorio Emanuele II.<\/p>\n<p style=\"text-align: justify;\">Nel discorso introduttivo Farina ha ricordato la figura del padre, il prof. Francesco, gi\u00e0 presidente della stessa sezione che, come capitano del regio esercito, durante la seconda guerra mondiale, \u00e8 stato fatto prigioniero in Albania dai nazisti e deportato in\u00a0 Germania, vittima del furore cieco dei tedeschi. E\u2019 stata altres\u00ec ricordata la figura del signor Giovanni Baglieri (era presente la figlia), anche lui catturato in Albania e deportato in Germania. Il sindaco Franca Iurato, che ha partecipato alla manifestazione, ha detto: \u201cUn popolo che non ha memoria non ha futuro\u201d, preannunciando fra l\u2019altro una serie di manifestazioni che culmineranno con quella del 4 Novembre, anniversario della vittoria e fine della prima guerra mondiale. Ha parlato anche un rappresentante dell\u2019associazione provinciale \u201cCombattenti e Reduci\u201d, annunciando che \u00e8 in corso un progetto per realizzare un sacrario a Ragusa e riportare i circa cinquanta resti di giovani soldati iblei caduti in quella tragica guerra e che non sono mai stati traslati nelle citt\u00e0 di origine. Sono state consegnate le tessere ad honorem al maestro Sarino Barone (presente) e al signor Giuseppe Dimartino (impossibilitato per motivi di salute), reduci del secondo conflitto mondiale. Al termine dei vari interventi \u00e8 stata scoperta la targa, al suono struggente del \u201cSilenzio\u201d eseguito magistralmente alla tromba dal maestro Danilo Savoia.<\/p>\n<div class=\"jlvid_container \"><iframe title=\"Cerimonia scopertura targa - Ass. combattenti e reduci &quot;Raffaele Scala&quot; Santa Croce\" src=\"https:\/\/player.vimeo.com\/video\/189451107?dnt=1&amp;app_id=122963\" width=\"1200\" height=\"675\" frameborder=\"0\" allow=\"autoplay; fullscreen; picture-in-picture; clipboard-write; encrypted-media; web-share\" referrerpolicy=\"strict-origin-when-cross-origin\"><\/iframe><\/div>\n<div id='gallery-1' class='gallery galleryid-43890 gallery-columns-3 gallery-size-thumbnail'><figure class='gallery-item'>\n\t\t\t<div class='gallery-icon landscape'>\n\t\t\t\t<a href='https:\/\/www.santacroceweb.com\/index.php\/2016\/10\/30\/combattenti-e-reduci-svelata-in-piazza-la-targa-per-il-capitano-scala-video\/img_5506\/'><img decoding=\"async\" width=\"150\" height=\"150\" src=\"https:\/\/www.santacroceweb.com\/giornale1\/wp-content\/uploads\/2016\/10\/IMG_5506.jpg\" class=\"attachment-thumbnail size-thumbnail jl-lazyload lazyload\" alt=\"\" data-src=\"https:\/\/www.santacroceweb.com\/giornale1\/wp-content\/uploads\/2016\/10\/IMG_5506-150x150.jpg\" \/><\/a>\n\t\t\t<\/div><\/figure><figure class='gallery-item'>\n\t\t\t<div class='gallery-icon landscape'>\n\t\t\t\t<a href='https:\/\/www.santacroceweb.com\/index.php\/2016\/10\/30\/combattenti-e-reduci-svelata-in-piazza-la-targa-per-il-capitano-scala-video\/img_5508\/'><img decoding=\"async\" width=\"150\" height=\"150\" src=\"https:\/\/www.santacroceweb.com\/giornale1\/wp-content\/uploads\/2016\/10\/IMG_5508.jpg\" class=\"attachment-thumbnail size-thumbnail jl-lazyload lazyload\" alt=\"\" data-src=\"https:\/\/www.santacroceweb.com\/giornale1\/wp-content\/uploads\/2016\/10\/IMG_5508-150x150.jpg\" \/><\/a>\n\t\t\t<\/div><\/figure><figure class='gallery-item'>\n\t\t\t<div class='gallery-icon landscape'>\n\t\t\t\t<a href='https:\/\/www.santacroceweb.com\/index.php\/2016\/10\/30\/combattenti-e-reduci-svelata-in-piazza-la-targa-per-il-capitano-scala-video\/img_5510\/'><img decoding=\"async\" width=\"150\" height=\"150\" src=\"https:\/\/www.santacroceweb.com\/giornale1\/wp-content\/uploads\/2016\/10\/IMG_5510.jpg\" class=\"attachment-thumbnail size-thumbnail jl-lazyload lazyload\" alt=\"\" data-src=\"https:\/\/www.santacroceweb.com\/giornale1\/wp-content\/uploads\/2016\/10\/IMG_5510-150x150.jpg\" \/><\/a>\n\t\t\t<\/div><\/figure><figure class='gallery-item'>\n\t\t\t<div class='gallery-icon landscape'>\n\t\t\t\t<a href='https:\/\/www.santacroceweb.com\/index.php\/2016\/10\/30\/combattenti-e-reduci-svelata-in-piazza-la-targa-per-il-capitano-scala-video\/img_5511\/'><img loading=\"lazy\" decoding=\"async\" width=\"150\" height=\"150\" src=\"https:\/\/www.santacroceweb.com\/giornale1\/wp-content\/uploads\/2016\/10\/IMG_5511.jpg\" class=\"attachment-thumbnail size-thumbnail jl-lazyload lazyload\" alt=\"\" data-src=\"https:\/\/www.santacroceweb.com\/giornale1\/wp-content\/uploads\/2016\/10\/IMG_5511-150x150.jpg\" \/><\/a>\n\t\t\t<\/div><\/figure><figure class='gallery-item'>\n\t\t\t<div class='gallery-icon landscape'>\n\t\t\t\t<a href='https:\/\/www.santacroceweb.com\/index.php\/2016\/10\/30\/combattenti-e-reduci-svelata-in-piazza-la-targa-per-il-capitano-scala-video\/img_5512\/'><img loading=\"lazy\" decoding=\"async\" width=\"150\" height=\"150\" src=\"https:\/\/www.santacroceweb.com\/giornale1\/wp-content\/uploads\/2016\/10\/IMG_5512.jpg\" class=\"attachment-thumbnail size-thumbnail jl-lazyload lazyload\" alt=\"\" data-src=\"https:\/\/www.santacroceweb.com\/giornale1\/wp-content\/uploads\/2016\/10\/IMG_5512-150x150.jpg\" \/><\/a>\n\t\t\t<\/div><\/figure><figure class='gallery-item'>\n\t\t\t<div class='gallery-icon landscape'>\n\t\t\t\t<a href='https:\/\/www.santacroceweb.com\/index.php\/2016\/10\/30\/combattenti-e-reduci-svelata-in-piazza-la-targa-per-il-capitano-scala-video\/img_5514\/'><img loading=\"lazy\" decoding=\"async\" width=\"150\" height=\"150\" src=\"https:\/\/www.santacroceweb.com\/giornale1\/wp-content\/uploads\/2016\/10\/IMG_5514.jpg\" class=\"attachment-thumbnail size-thumbnail jl-lazyload lazyload\" alt=\"\" data-src=\"https:\/\/www.santacroceweb.com\/giornale1\/wp-content\/uploads\/2016\/10\/IMG_5514-150x150.jpg\" \/><\/a>\n\t\t\t<\/div><\/figure><figure class='gallery-item'>\n\t\t\t<div class='gallery-icon landscape'>\n\t\t\t\t<a href='https:\/\/www.santacroceweb.com\/index.php\/2016\/10\/30\/combattenti-e-reduci-svelata-in-piazza-la-targa-per-il-capitano-scala-video\/img_5517\/'><img loading=\"lazy\" decoding=\"async\" width=\"150\" height=\"150\" src=\"https:\/\/www.santacroceweb.com\/giornale1\/wp-content\/uploads\/2016\/10\/IMG_5517.jpg\" class=\"attachment-thumbnail size-thumbnail jl-lazyload lazyload\" alt=\"\" data-src=\"https:\/\/www.santacroceweb.com\/giornale1\/wp-content\/uploads\/2016\/10\/IMG_5517-150x150.jpg\" \/><\/a>\n\t\t\t<\/div><\/figure><figure class='gallery-item'>\n\t\t\t<div class='gallery-icon landscape'>\n\t\t\t\t<a href='https:\/\/www.santacroceweb.com\/index.php\/2016\/10\/30\/combattenti-e-reduci-svelata-in-piazza-la-targa-per-il-capitano-scala-video\/img_5519\/'><img loading=\"lazy\" decoding=\"async\" width=\"150\" height=\"150\" src=\"https:\/\/www.santacroceweb.com\/giornale1\/wp-content\/uploads\/2016\/10\/IMG_5519.jpg\" class=\"attachment-thumbnail size-thumbnail jl-lazyload lazyload\" alt=\"\" data-src=\"https:\/\/www.santacroceweb.com\/giornale1\/wp-content\/uploads\/2016\/10\/IMG_5519-150x150.jpg\" \/><\/a>\n\t\t\t<\/div><\/figure><figure class='gallery-item'>\n\t\t\t<div class='gallery-icon landscape'>\n\t\t\t\t<a href='https:\/\/www.santacroceweb.com\/index.php\/2016\/10\/30\/combattenti-e-reduci-svelata-in-piazza-la-targa-per-il-capitano-scala-video\/img_5521\/'><img loading=\"lazy\" decoding=\"async\" width=\"150\" height=\"150\" src=\"https:\/\/www.santacroceweb.com\/giornale1\/wp-content\/uploads\/2016\/10\/IMG_5521.jpg\" class=\"attachment-thumbnail size-thumbnail jl-lazyload lazyload\" alt=\"\" data-src=\"https:\/\/www.santacroceweb.com\/giornale1\/wp-content\/uploads\/2016\/10\/IMG_5521-150x150.jpg\" \/><\/a>\n\t\t\t<\/div><\/figure><figure class='gallery-item'>\n\t\t\t<div class='gallery-icon landscape'>\n\t\t\t\t<a href='https:\/\/www.santacroceweb.com\/index.php\/2016\/10\/30\/combattenti-e-reduci-svelata-in-piazza-la-targa-per-il-capitano-scala-video\/img_5523\/'><img loading=\"lazy\" decoding=\"async\" width=\"150\" height=\"150\" src=\"https:\/\/www.santacroceweb.com\/giornale1\/wp-content\/uploads\/2016\/10\/IMG_5523.jpg\" class=\"attachment-thumbnail size-thumbnail jl-lazyload lazyload\" alt=\"\" data-src=\"https:\/\/www.santacroceweb.com\/giornale1\/wp-content\/uploads\/2016\/10\/IMG_5523-150x150.jpg\" \/><\/a>\n\t\t\t<\/div><\/figure><figure class='gallery-item'>\n\t\t\t<div class='gallery-icon landscape'>\n\t\t\t\t<a href='https:\/\/www.santacroceweb.com\/index.php\/2016\/10\/30\/combattenti-e-reduci-svelata-in-piazza-la-targa-per-il-capitano-scala-video\/img_5525\/'><img loading=\"lazy\" decoding=\"async\" width=\"150\" height=\"150\" src=\"https:\/\/www.santacroceweb.com\/giornale1\/wp-content\/uploads\/2016\/10\/IMG_5525.jpg\" class=\"attachment-thumbnail size-thumbnail jl-lazyload lazyload\" alt=\"\" data-src=\"https:\/\/www.santacroceweb.com\/giornale1\/wp-content\/uploads\/2016\/10\/IMG_5525-150x150.jpg\" \/><\/a>\n\t\t\t<\/div><\/figure>\n\t\t<\/div>\n\n","protected":false},"excerpt":{"rendered":"<p>La grande guerra (1914-18): cos\u00ec \u00e8 stata chiamata la guerra pi\u00f9 sanguinosa dell\u2019era moderna che ha coinvolto (per la prima volta) quasi tutta l\u2019Europa. L\u2019Italia entr\u00f2 in quella contesa un anno dopo, nel 1915. Quest\u2019anno ne ricorre il centenario. Migliaia di ragazzi dell\u2019epoca versarono il loro sangue sulle montagne carsiche, dentro le trincee e spesso [&hellip;]<\/p>\n","protected":false},"author":34,"featured_media":43894,"comment_status":"open","ping_status":"open","sticky":false,"template":"","format":"gallery","meta":{"footnotes":""},"categories":[8,11],"tags":[],"class_list":["post-43890","post","type-post","status-publish","format-gallery","has-post-thumbnail","hentry","category-attualita","category-primopiano","post_format-post-format-gallery"],"_links":{"self":[{"href":"https:\/\/www.santacroceweb.com\/index.php\/wp-json\/wp\/v2\/posts\/43890","targetHints":{"allow":["GET"]}}],"collection":[{"href":"https:\/\/www.santacroceweb.com\/index.php\/wp-json\/wp\/v2\/posts"}],"about":[{"href":"https:\/\/www.santacroceweb.com\/index.php\/wp-json\/wp\/v2\/types\/post"}],"author":[{"embeddable":true,"href":"https:\/\/www.santacroceweb.com\/index.php\/wp-json\/wp\/v2\/users\/34"}],"replies":[{"embeddable":true,"href":"https:\/\/www.santacroceweb.com\/index.php\/wp-json\/wp\/v2\/comments?post=43890"}],"version-history":[{"count":0,"href":"https:\/\/www.santacroceweb.com\/index.php\/wp-json\/wp\/v2\/posts\/43890\/revisions"}],"wp:featuredmedia":[{"embeddable":true,"href":"https:\/\/www.santacroceweb.com\/index.php\/wp-json\/wp\/v2\/media\/43894"}],"wp:attachment":[{"href":"https:\/\/www.santacroceweb.com\/index.php\/wp-json\/wp\/v2\/media?parent=43890"}],"wp:term":[{"taxonomy":"category","embeddable":true,"href":"https:\/\/www.santacroceweb.com\/index.php\/wp-json\/wp\/v2\/categories?post=43890"},{"taxonomy":"post_tag","embeddable":true,"href":"https:\/\/www.santacroceweb.com\/index.php\/wp-json\/wp\/v2\/tags?post=43890"}],"curies":[{"name":"wp","href":"https:\/\/api.w.org\/{rel}","templated":true}]}}