{"id":43968,"date":"2016-11-01T16:38:26","date_gmt":"2016-11-01T15:38:26","guid":{"rendered":"http:\/\/www.santacroceweb.com\/giornale1\/?p=43968"},"modified":"2016-11-01T18:00:51","modified_gmt":"2016-11-01T17:00:51","slug":"santa-croce-la-v-s-informa-i-cittadini-che-il-2-novembre-sara-attivo-il-servizio-di-trasporto-gratuito-per-il-cimitero","status":"publish","type":"post","link":"https:\/\/www.santacroceweb.com\/index.php\/2016\/11\/01\/santa-croce-la-v-s-informa-i-cittadini-che-il-2-novembre-sara-attivo-il-servizio-di-trasporto-gratuito-per-il-cimitero\/","title":{"rendered":"<font color=red>Santa Croce &#8211;<\/font color> L&#8217;A.V.S. informa i cittadini che il 2 novembre sar\u00e0 attivo il servizio di trasporto gratuito per il cimitero"},"content":{"rendered":"<p style=\"text-align: justify;\">In occasione della commemorazione dei defunti, l&#8217;Associazione Volontari del Soccorso informa la cittadinanza che nel giorno 2 novembre, dalle 8 alle 13, sar\u00e0 attivo il servizio di trasporto gratuito per il cimitero cittadino. Il pulmino dell&#8217;A.V.S. sar\u00e0 a disposizione per tutti coloro che hanno problemi di mobilit\u00e0. I Volontari stazioneranno presso la sede Associativa in Viale della Repubblica n. 57 e si recheranno a domicilio su richiesta degli interessati. Chi volesse usufruire del servizio potr\u00e0 prenotarsi telefonando ai numeri 0932.911150 (centralino Associazione), 335.1286230 (Mariagrazia), 338.9647622.<\/p>\n<p style=\"text-align: justify;\"><img fetchpriority=\"high\" decoding=\"async\" class=\"alignnone size-full wp-image-43969 lazyload\" src=\"data:image\/gif;base64,R0lGODlhAQABAAAAACH5BAEKAAEALAAAAAABAAEAAAICTAEAOw==\" data-src=\"https:\/\/www.santacroceweb.com\/giornale1\/wp-content\/uploads\/2016\/11\/14877764_956265757811927_2027630119_n.jpg\" alt=\"14877764_956265757811927_2027630119_n\" width=\"960\" height=\"960\" data-sizes=\"auto\" data-srcset=\"https:\/\/www.santacroceweb.com\/giornale1\/wp-content\/uploads\/2016\/11\/14877764_956265757811927_2027630119_n.jpg 960w, https:\/\/www.santacroceweb.com\/giornale1\/wp-content\/uploads\/2016\/11\/14877764_956265757811927_2027630119_n-150x150.jpg 150w, https:\/\/www.santacroceweb.com\/giornale1\/wp-content\/uploads\/2016\/11\/14877764_956265757811927_2027630119_n-300x300.jpg 300w, https:\/\/www.santacroceweb.com\/giornale1\/wp-content\/uploads\/2016\/11\/14877764_956265757811927_2027630119_n-768x768.jpg 768w\" sizes=\"(max-width: 960px) 100vw, 960px\" \/><\/p>\n","protected":false},"excerpt":{"rendered":"<p>In occasione della commemorazione dei defunti, l&#8217;Associazione Volontari del Soccorso informa la cittadinanza che nel giorno 2 novembre, dalle 8 alle 13, sar\u00e0 attivo il servizio di trasporto gratuito per il cimitero cittadino. Il pulmino dell&#8217;A.V.S. sar\u00e0 a disposizione per tutti coloro che hanno problemi di mobilit\u00e0. I Volontari stazioneranno presso la sede Associativa in [&hellip;]<\/p>\n","protected":false},"author":4,"featured_media":43969,"comment_status":"open","ping_status":"open","sticky":false,"template":"","format":"standard","meta":{"footnotes":""},"categories":[12],"tags":[],"class_list":["post-43968","post","type-post","status-publish","format-standard","has-post-thumbnail","hentry","category-breaking"],"_links":{"self":[{"href":"https:\/\/www.santacroceweb.com\/index.php\/wp-json\/wp\/v2\/posts\/43968","targetHints":{"allow":["GET"]}}],"collection":[{"href":"https:\/\/www.santacroceweb.com\/index.php\/wp-json\/wp\/v2\/posts"}],"about":[{"href":"https:\/\/www.santacroceweb.com\/index.php\/wp-json\/wp\/v2\/types\/post"}],"author":[{"embeddable":true,"href":"https:\/\/www.santacroceweb.com\/index.php\/wp-json\/wp\/v2\/users\/4"}],"replies":[{"embeddable":true,"href":"https:\/\/www.santacroceweb.com\/index.php\/wp-json\/wp\/v2\/comments?post=43968"}],"version-history":[{"count":0,"href":"https:\/\/www.santacroceweb.com\/index.php\/wp-json\/wp\/v2\/posts\/43968\/revisions"}],"wp:featuredmedia":[{"embeddable":true,"href":"https:\/\/www.santacroceweb.com\/index.php\/wp-json\/wp\/v2\/media\/43969"}],"wp:attachment":[{"href":"https:\/\/www.santacroceweb.com\/index.php\/wp-json\/wp\/v2\/media?parent=43968"}],"wp:term":[{"taxonomy":"category","embeddable":true,"href":"https:\/\/www.santacroceweb.com\/index.php\/wp-json\/wp\/v2\/categories?post=43968"},{"taxonomy":"post_tag","embeddable":true,"href":"https:\/\/www.santacroceweb.com\/index.php\/wp-json\/wp\/v2\/tags?post=43968"}],"curies":[{"name":"wp","href":"https:\/\/api.w.org\/{rel}","templated":true}]}}