{"id":44044,"date":"2016-11-04T08:52:18","date_gmt":"2016-11-04T07:52:18","guid":{"rendered":"http:\/\/www.santacroceweb.com\/giornale1\/?p=44044"},"modified":"2016-11-04T12:43:46","modified_gmt":"2016-11-04T11:43:46","slug":"prima-notte-in-macchina-per-scardino-ha-dormito-di-fronte-al-comune","status":"publish","type":"post","link":"https:\/\/www.santacroceweb.com\/index.php\/2016\/11\/04\/prima-notte-in-macchina-per-scardino-ha-dormito-di-fronte-al-comune\/","title":{"rendered":"Prima notte in macchina per Scardino: ha dormito di fronte al Comune <font color=red>LE FOTO<\/font>"},"content":{"rendered":"<p style=\"text-align: justify;\">Non si attenua la protesta di Gioacchino Scardino contro le istituzioni. Ieri l&#8217;ufficiale giudiziario ha sancito la data dello sfratto coattivo &#8211; per lui e la moglie Concetta Cascone &#8211; dall&#8217;abitazione di via dei Mille, che <span style=\"text-decoration: underline;\"><a href=\"https:\/\/www.santacroceweb.com\/giornale1\/index.php\/2016\/11\/03\/caso-scardino-sfratto-rinviato-al-24-novembre-presidio-davanti-al-comune\/\">avverr\u00e0 il 24 novembre prossimo<\/a><\/span>. Nell&#8217;attesa Scardino, che non riesce a trovare una nuova soluzione abitativa, ha scelto la strada della protesta a oltranza. E, dopo aver passato un&#8217;intera giornata davanti alla sede del Comune, in via Carmine, ha\u00a0trascorso la notte all&#8217;interno di una vecchia Fiat Panda. La parte anteriore dell&#8217;auto era avvolta da una scritta su un lenzuolo: &#8220;Per gli stranieri vitto e alloggio, per i siciliani neanche la casa&#8221;. In mattinata \u00e8 arrivato il commento di Mariano Ferro, leader dei Forconi, che in questi mesi ha sostenuto la famiglia sfrattata per morosit\u00e0: &#8220;Prima notte in macchina del signor Scardino sotto il Comune di Santa Croce. Una vergogna per il sindaco e la Prefettura di Ragusa&#8221;. Ieri, durante la procedura di rinvio dello sfratto, lo stesso Ferro aveva rincarato la dose: &#8220;Non \u00e8 una questione di razzismo. Ma gli italiani in questa situazione continuano a perderci. Se fra dieci minuti sbarcano 500 immigrati al porto di Pozzallo, una soluzione per sistemarli si trova. Una famiglia disperata, invece, viene messa alla porta&#8221;. Qualcuno spinge Scardino verso la ricerca di un impiego: &#8220;Questo &#8211; spiega Ferro &#8211; \u00e8 il risultato dell&#8217;africanizzazione della manodopera. Gioacchino ogni tanto lavora nelle serre per 25-30 euro al giorno. Ma il lavoro \u00e8 diminuito e la manodopera si paga sempre meno. Per questo \u00e8 rimasto a spasso&#8221;.<\/p>\n<p style=\"text-align: justify;\"><span style=\"color: #ff0000;\"><strong>AGGIORNAMENTO &#8211;<\/strong><\/span> Qualche momento di tensione si \u00e8 registrato stamattina, intorno alle 10.30, di fronte a palazzo di Citt\u00e0. Il signor Scardino e i Forconi sono stati invitati dalla comandante dei vigili urbani a togliere lo striscione per consentire il normale svolgimento delle celebrazioni del 4 novembre. Secondo quanto raccontato da Angelo Giacchi, portavoce del movimento di Mariano Ferro, &#8220;la vigilessa voleva multarci, aveva gi\u00e0 scritto il verbale. Si \u00e8 allontanata quando ho cominciato a riprendere con il telefonino. Per il sindaco conta pi\u00f9 la manifestazione del 4 novembre che la situazione disperata del signor Scardino, che fra pochi giorni perder\u00e0 la casa&#8221;. I Forconi, poi, hanno rimosso lo striscione per tutta la durata delle celebrazioni.<\/p>\n<div id='gallery-1' class='gallery galleryid-44044 gallery-columns-3 gallery-size-thumbnail'><figure class='gallery-item'>\n\t\t\t<div class='gallery-icon landscape'>\n\t\t\t\t<a href='https:\/\/www.santacroceweb.com\/index.php\/2016\/11\/04\/prima-notte-in-macchina-per-scardino-ha-dormito-di-fronte-al-comune\/scardino2\/'><img decoding=\"async\" width=\"150\" height=\"150\" src=\"https:\/\/www.santacroceweb.com\/giornale1\/wp-content\/uploads\/2016\/11\/scardino2.jpg\" class=\"attachment-thumbnail size-thumbnail jl-lazyload lazyload\" alt=\"\" data-src=\"https:\/\/www.santacroceweb.com\/giornale1\/wp-content\/uploads\/2016\/11\/scardino2-150x150.jpg\" \/><\/a>\n\t\t\t<\/div><\/figure><figure class='gallery-item'>\n\t\t\t<div class='gallery-icon landscape'>\n\t\t\t\t<a href='https:\/\/www.santacroceweb.com\/index.php\/2016\/11\/04\/prima-notte-in-macchina-per-scardino-ha-dormito-di-fronte-al-comune\/scardino3\/'><img decoding=\"async\" width=\"150\" height=\"150\" src=\"https:\/\/www.santacroceweb.com\/giornale1\/wp-content\/uploads\/2016\/11\/scardino3.jpg\" class=\"attachment-thumbnail size-thumbnail jl-lazyload lazyload\" alt=\"\" data-src=\"https:\/\/www.santacroceweb.com\/giornale1\/wp-content\/uploads\/2016\/11\/scardino3-150x150.jpg\" \/><\/a>\n\t\t\t<\/div><\/figure><figure class='gallery-item'>\n\t\t\t<div class='gallery-icon landscape'>\n\t\t\t\t<a href='https:\/\/www.santacroceweb.com\/index.php\/2016\/11\/04\/prima-notte-in-macchina-per-scardino-ha-dormito-di-fronte-al-comune\/img-20161104-wa0006\/'><img decoding=\"async\" width=\"150\" height=\"150\" src=\"https:\/\/www.santacroceweb.com\/giornale1\/wp-content\/uploads\/2016\/11\/IMG-20161104-WA0006.jpg\" class=\"attachment-thumbnail size-thumbnail jl-lazyload lazyload\" alt=\"\" data-src=\"https:\/\/www.santacroceweb.com\/giornale1\/wp-content\/uploads\/2016\/11\/IMG-20161104-WA0006-150x150.jpg\" \/><\/a>\n\t\t\t<\/div><\/figure><figure class='gallery-item'>\n\t\t\t<div class='gallery-icon portrait'>\n\t\t\t\t<a href='https:\/\/www.santacroceweb.com\/index.php\/2016\/11\/04\/prima-notte-in-macchina-per-scardino-ha-dormito-di-fronte-al-comune\/img-20161104-wa0004\/'><img loading=\"lazy\" decoding=\"async\" width=\"150\" height=\"150\" src=\"https:\/\/www.santacroceweb.com\/giornale1\/wp-content\/uploads\/2016\/11\/IMG-20161104-WA0004.jpg\" class=\"attachment-thumbnail size-thumbnail jl-lazyload lazyload\" alt=\"\" data-src=\"https:\/\/www.santacroceweb.com\/giornale1\/wp-content\/uploads\/2016\/11\/IMG-20161104-WA0004-150x150.jpg\" \/><\/a>\n\t\t\t<\/div><\/figure><figure class='gallery-item'>\n\t\t\t<div class='gallery-icon landscape'>\n\t\t\t\t<a href='https:\/\/www.santacroceweb.com\/index.php\/2016\/11\/03\/caso-scardino-sfratto-rinviato-al-24-novembre-presidio-davanti-al-comune\/20161103_103504\/'><img loading=\"lazy\" decoding=\"async\" width=\"150\" height=\"150\" src=\"https:\/\/www.santacroceweb.com\/giornale1\/wp-content\/uploads\/2016\/11\/20161103_103504.jpg\" class=\"attachment-thumbnail size-thumbnail jl-lazyload lazyload\" alt=\"\" aria-describedby=\"gallery-1-44019\" data-src=\"https:\/\/www.santacroceweb.com\/giornale1\/wp-content\/uploads\/2016\/11\/20161103_103504-150x150.jpg\" \/><\/a>\n\t\t\t<\/div>\n\t\t\t\t<figcaption class='wp-caption-text gallery-caption' id='gallery-1-44019'>\n\t\t\t\tGioacchino Scardino e Concetta Cascone\n\t\t\t\t<\/figcaption><\/figure>\n\t\t<\/div>\n\n","protected":false},"excerpt":{"rendered":"<p>Non si attenua la protesta di Gioacchino Scardino contro le istituzioni. Ieri l&#8217;ufficiale giudiziario ha sancito la data dello sfratto coattivo &#8211; per lui e la moglie Concetta Cascone &#8211; dall&#8217;abitazione di via dei Mille, che avverr\u00e0 il 24 novembre prossimo. Nell&#8217;attesa Scardino, che non riesce a trovare una nuova soluzione abitativa, ha scelto la [&hellip;]<\/p>\n","protected":false},"author":34,"featured_media":44045,"comment_status":"open","ping_status":"open","sticky":false,"template":"","format":"gallery","meta":{"footnotes":""},"categories":[8,11],"tags":[],"class_list":["post-44044","post","type-post","status-publish","format-gallery","has-post-thumbnail","hentry","category-attualita","category-primopiano","post_format-post-format-gallery"],"_links":{"self":[{"href":"https:\/\/www.santacroceweb.com\/index.php\/wp-json\/wp\/v2\/posts\/44044","targetHints":{"allow":["GET"]}}],"collection":[{"href":"https:\/\/www.santacroceweb.com\/index.php\/wp-json\/wp\/v2\/posts"}],"about":[{"href":"https:\/\/www.santacroceweb.com\/index.php\/wp-json\/wp\/v2\/types\/post"}],"author":[{"embeddable":true,"href":"https:\/\/www.santacroceweb.com\/index.php\/wp-json\/wp\/v2\/users\/34"}],"replies":[{"embeddable":true,"href":"https:\/\/www.santacroceweb.com\/index.php\/wp-json\/wp\/v2\/comments?post=44044"}],"version-history":[{"count":0,"href":"https:\/\/www.santacroceweb.com\/index.php\/wp-json\/wp\/v2\/posts\/44044\/revisions"}],"wp:featuredmedia":[{"embeddable":true,"href":"https:\/\/www.santacroceweb.com\/index.php\/wp-json\/wp\/v2\/media\/44045"}],"wp:attachment":[{"href":"https:\/\/www.santacroceweb.com\/index.php\/wp-json\/wp\/v2\/media?parent=44044"}],"wp:term":[{"taxonomy":"category","embeddable":true,"href":"https:\/\/www.santacroceweb.com\/index.php\/wp-json\/wp\/v2\/categories?post=44044"},{"taxonomy":"post_tag","embeddable":true,"href":"https:\/\/www.santacroceweb.com\/index.php\/wp-json\/wp\/v2\/tags?post=44044"}],"curies":[{"name":"wp","href":"https:\/\/api.w.org\/{rel}","templated":true}]}}