{"id":44339,"date":"2016-11-12T13:03:52","date_gmt":"2016-11-12T12:03:52","guid":{"rendered":"http:\/\/www.santacroceweb.com\/giornale1\/?p=44339"},"modified":"2016-11-15T15:43:34","modified_gmt":"2016-11-15T14:43:34","slug":"mattarella-premia-giuseppe-la-rosa-sara-cavaliere-della-repubblica-italiana","status":"publish","type":"post","link":"https:\/\/www.santacroceweb.com\/index.php\/2016\/11\/12\/mattarella-premia-giuseppe-la-rosa-sara-cavaliere-della-repubblica-italiana\/","title":{"rendered":"Mattarella premia Giuseppe La Rosa: sar\u00e0 Cavaliere della Repubblica Italiana"},"content":{"rendered":"<p style=\"text-align: justify;\">Nel prossimo mese di gennaio il &#8220;nostro&#8221; Giuseppe La Rosa varcher\u00e0 le porte del Quirinale per ricevere dal presidente della Repubblica Sergio Mattarella l&#8217;onorificenza al merito della Repubblica Italiana. La Rosa, ragusano di nascita ma santacrocese d&#8217;adozione, ha 28 anni ed \u00e8\u00a0sottocapo di III classe del Corpo delle capitanerie di Porto &#8211; Guardia Costiera della Marina Militare Italiana. La motivazione con cui il Quirinale ha scelto di premiarlo \u00e8 la seguente: &#8220;Per il suo prezioso e generoso servizio in soccorso di tanti migranti in mare&#8221;. Giuseppe La Rosa, di professione Rescue Swimmer, negli ultimi anni ha salvato in mare centinaia di migranti. E&#8217; il primo a venire a contatto con l&#8217;acqua, nei pressi di Lampedusa, quando i barconi carichi di disperazione entrano nel territorio italiano.\u00a0Dopo una prima esperienza lavorativa come bagnino e un periodo trascorso in Inghilterra, entra nella Guardia Costiera. Oggi \u00e8 presta\u00a0servizio sulla nave Dattilo CP940. Trascorre interi mesi lontano da casa e dai propri cari. E&#8217; un eroe del nostro tempo. Un eroe silenzioso, che mette tutto se stesso nel proprio lavoro, ormai diventato una missione: salvare delle vite.\u00a0Peppe, per\u00f2, \u00e8 anche un nostro amico, che la &#8220;notoriet\u00e0&#8221; (<span style=\"color: #ff0000;\"><strong><span style=\"text-decoration: underline;\"><a style=\"color: #ff0000; text-decoration: underline;\" href=\"https:\/\/www.santacroceweb.com\/giornale1\/index.php\/2016\/06\/09\/giuseppe-partito-da-santa-croce-per-salvare-vite-umane-in-mare-il-video\/\">GUARDA IL VIDEO<\/a><\/span><\/strong><\/span>) e la fatica non hanno scalfito di un millimetro. Gioioso, solare, generoso: caratteristiche che per noi valgono pi\u00f9 di qualsiasi medaglia.<\/p>\n<p style=\"text-align: justify;\">Giuseppe, prossimamente, sar\u00e0 nominato\u00a0Cavaliere dell&#8217;Ordine al Merito della Repubblica Italiana.\u00a0Il Presidente della Repubblica, Sergio Mattarella, ha conferito, motu proprio, quaranta onorificenze al Merito della Repubblica Italiana a donne e uomini che si sono distinti per atti di eroismo, per l&#8217;impegno nella solidariet\u00e0, nell&#8217;integrazione, nel soccorso, per l&#8217;attivit\u00e0 in favore dell&#8217;inclusione sociale, nella promozione della cultura, della legalit\u00e0 e per il contrasto alla violenza. Mattarella ha individuato, tra i tanti esempi presenti nella societ\u00e0 civile e nelle istituzioni, alcuni casi significativi di impegno civile, di dedizione al bene comune e di testimonianza dei valori repubblicani. Peppe \u00e8 fra questi!<\/p>\n<p><span style=\"text-decoration: underline; color: #ff0000;\"><em><strong><a style=\"color: #ff0000; text-decoration: underline;\" href=\"http:\/\/www.quirinale.it\/elementi\/Continua.aspx?tipo=Comunicato&amp;key=2267\">QUI TUTTI I PREMIATI<\/a><\/strong><\/em><\/span><\/p>\n<p style=\"text-align: center;\"><a href=\"https:\/\/www.santacroceweb.com\/giornale1\/wp-content\/uploads\/2016\/11\/IMG_5609.jpg\"><img fetchpriority=\"high\" decoding=\"async\" class=\"aligncenter size-large wp-image-44412 lazyload\" src=\"data:image\/gif;base64,R0lGODlhAQABAAAAACH5BAEKAAEALAAAAAABAAEAAAICTAEAOw==\" data-src=\"https:\/\/www.santacroceweb.com\/giornale1\/wp-content\/uploads\/2016\/11\/IMG_5609-453x1024.jpg\" alt=\"img_5609\" width=\"453\" height=\"1024\" data-sizes=\"auto\" data-srcset=\"https:\/\/www.santacroceweb.com\/giornale1\/wp-content\/uploads\/2016\/11\/IMG_5609-453x1024.jpg 453w, https:\/\/www.santacroceweb.com\/giornale1\/wp-content\/uploads\/2016\/11\/IMG_5609-133x300.jpg 133w, https:\/\/www.santacroceweb.com\/giornale1\/wp-content\/uploads\/2016\/11\/IMG_5609-768x1738.jpg 768w, https:\/\/www.santacroceweb.com\/giornale1\/wp-content\/uploads\/2016\/11\/IMG_5609.jpg 905w\" sizes=\"(max-width: 453px) 100vw, 453px\" \/><\/a><\/p>\n","protected":false},"excerpt":{"rendered":"<p>Nel prossimo mese di gennaio il &#8220;nostro&#8221; Giuseppe La Rosa varcher\u00e0 le porte del Quirinale per ricevere dal presidente della Repubblica Sergio Mattarella l&#8217;onorificenza al merito della Repubblica Italiana. La Rosa, ragusano di nascita ma santacrocese d&#8217;adozione, ha 28 anni ed \u00e8\u00a0sottocapo di III classe del Corpo delle capitanerie di Porto &#8211; Guardia Costiera della [&hellip;]<\/p>\n","protected":false},"author":11,"featured_media":44376,"comment_status":"open","ping_status":"open","sticky":false,"template":"","format":"standard","meta":{"footnotes":""},"categories":[8,11],"tags":[],"class_list":["post-44339","post","type-post","status-publish","format-standard","has-post-thumbnail","hentry","category-attualita","category-primopiano"],"_links":{"self":[{"href":"https:\/\/www.santacroceweb.com\/index.php\/wp-json\/wp\/v2\/posts\/44339","targetHints":{"allow":["GET"]}}],"collection":[{"href":"https:\/\/www.santacroceweb.com\/index.php\/wp-json\/wp\/v2\/posts"}],"about":[{"href":"https:\/\/www.santacroceweb.com\/index.php\/wp-json\/wp\/v2\/types\/post"}],"author":[{"embeddable":true,"href":"https:\/\/www.santacroceweb.com\/index.php\/wp-json\/wp\/v2\/users\/11"}],"replies":[{"embeddable":true,"href":"https:\/\/www.santacroceweb.com\/index.php\/wp-json\/wp\/v2\/comments?post=44339"}],"version-history":[{"count":0,"href":"https:\/\/www.santacroceweb.com\/index.php\/wp-json\/wp\/v2\/posts\/44339\/revisions"}],"wp:featuredmedia":[{"embeddable":true,"href":"https:\/\/www.santacroceweb.com\/index.php\/wp-json\/wp\/v2\/media\/44376"}],"wp:attachment":[{"href":"https:\/\/www.santacroceweb.com\/index.php\/wp-json\/wp\/v2\/media?parent=44339"}],"wp:term":[{"taxonomy":"category","embeddable":true,"href":"https:\/\/www.santacroceweb.com\/index.php\/wp-json\/wp\/v2\/categories?post=44339"},{"taxonomy":"post_tag","embeddable":true,"href":"https:\/\/www.santacroceweb.com\/index.php\/wp-json\/wp\/v2\/tags?post=44339"}],"curies":[{"name":"wp","href":"https:\/\/api.w.org\/{rel}","templated":true}]}}