{"id":44643,"date":"2016-11-21T11:36:46","date_gmt":"2016-11-21T10:36:46","guid":{"rendered":"http:\/\/www.santacroceweb.com\/giornale1\/?p=44643"},"modified":"2016-11-21T11:36:46","modified_gmt":"2016-11-21T10:36:46","slug":"verra-completata-la-rete-fognaria-la-giunta-approva-il-progetto-esecutivo","status":"publish","type":"post","link":"https:\/\/www.santacroceweb.com\/index.php\/2016\/11\/21\/verra-completata-la-rete-fognaria-la-giunta-approva-il-progetto-esecutivo\/","title":{"rendered":"Verr\u00e0 completata la rete fognaria: la giunta approva il progetto esecutivo"},"content":{"rendered":"<p style=\"text-align: justify;\">Dopo vent\u2019anni di attesa, si va verso la definitiva risoluzione di un problema per il quale i cittadini chiedevano risposte specifiche. E\u2019 stato approvato dalla Giunta municipale di Santa Croce Camerina il progetto esecutivo riguardante la realizzazione della condotta fognaria e delle acque bianche in alcune vie della citt\u00e0 (tutta la zona a sud di via Carmine) e di Punta Secca (nel sito chiamato \u201cRione della Musica\u201d). L\u2019importo per la realizzazione del progetto \u00e8 di oltre 320mila euro. Il sindaco Franca Iurato chiarisce che si tratta di un progetto atteso da molto tempo, almeno due decenni, da parte dei residenti della zona che pi\u00f9 volte avevano reclamato lo sblocco delle procedure. \u201cFinalmente \u2013 commenta il primo cittadino \u2013 siamo arrivati al dunque. Si tratta di un\u2019opera pubblica che andr\u00e0 a sanare tutta una serie di problematiche. Stiamo parlando di servizi essenziali che, negli anni precedenti, chiss\u00e0 perch\u00e9, erano stati negati. Ci siamo assunti la responsabilit\u00e0 di venire a capo della delicata situazione. E, per fortuna, grazie anche alla collaborazione della struttura tecnica del nostro Comune, siamo stati in grado di espletare tutte le procedure di nostra competenza. Prima dell\u2019inizio dei lavori occorrer\u00e0 completare i percorsi burocratici previsti. Ma diciamo che il grosso \u00e8 fatto\u201d. Anche l\u2019assessore Giansalvo All\u00f9, che ha partecipato alla seduta di Giunta in cui il progetto \u00e8 stato approvato, perorando la causa dei residenti, sottolinea come \u201cl\u2019attesa si \u00e8 prolungata pi\u00f9 del dovuto. Ora, per\u00f2, siamo stati in grado di ottenere una risposta concreta che ci permetter\u00e0 di guardare avanti dopo essere intervenuti con decisione su una situazione che, altrimenti, sarebbe rimasta irrisolta per chiss\u00e0 quant\u2019altro tempo\u201d.<\/p>\n","protected":false},"excerpt":{"rendered":"<p>Dopo vent\u2019anni di attesa, si va verso la definitiva risoluzione di un problema per il quale i cittadini chiedevano risposte specifiche. E\u2019 stato approvato dalla Giunta municipale di Santa Croce Camerina il progetto esecutivo riguardante la realizzazione della condotta fognaria e delle acque bianche in alcune vie della citt\u00e0 (tutta la zona a sud di [&hellip;]<\/p>\n","protected":false},"author":34,"featured_media":44644,"comment_status":"open","ping_status":"open","sticky":false,"template":"","format":"standard","meta":{"footnotes":""},"categories":[4,11],"tags":[],"class_list":["post-44643","post","type-post","status-publish","format-standard","has-post-thumbnail","hentry","category-politica","category-primopiano"],"_links":{"self":[{"href":"https:\/\/www.santacroceweb.com\/index.php\/wp-json\/wp\/v2\/posts\/44643","targetHints":{"allow":["GET"]}}],"collection":[{"href":"https:\/\/www.santacroceweb.com\/index.php\/wp-json\/wp\/v2\/posts"}],"about":[{"href":"https:\/\/www.santacroceweb.com\/index.php\/wp-json\/wp\/v2\/types\/post"}],"author":[{"embeddable":true,"href":"https:\/\/www.santacroceweb.com\/index.php\/wp-json\/wp\/v2\/users\/34"}],"replies":[{"embeddable":true,"href":"https:\/\/www.santacroceweb.com\/index.php\/wp-json\/wp\/v2\/comments?post=44643"}],"version-history":[{"count":0,"href":"https:\/\/www.santacroceweb.com\/index.php\/wp-json\/wp\/v2\/posts\/44643\/revisions"}],"wp:featuredmedia":[{"embeddable":true,"href":"https:\/\/www.santacroceweb.com\/index.php\/wp-json\/wp\/v2\/media\/44644"}],"wp:attachment":[{"href":"https:\/\/www.santacroceweb.com\/index.php\/wp-json\/wp\/v2\/media?parent=44643"}],"wp:term":[{"taxonomy":"category","embeddable":true,"href":"https:\/\/www.santacroceweb.com\/index.php\/wp-json\/wp\/v2\/categories?post=44643"},{"taxonomy":"post_tag","embeddable":true,"href":"https:\/\/www.santacroceweb.com\/index.php\/wp-json\/wp\/v2\/tags?post=44643"}],"curies":[{"name":"wp","href":"https:\/\/api.w.org\/{rel}","templated":true}]}}